{"id":6743,"date":"2024-10-15T16:32:45","date_gmt":"2024-10-15T20:32:45","guid":{"rendered":"https:\/\/franciscanmissions.org\/?p=6743"},"modified":"2025-02-24T11:21:35","modified_gmt":"2025-02-24T16:21:35","slug":"empowering-education-and-faith-in-vietnam","status":"publish","type":"post","link":"https:\/\/franciscanmissions.org\/es\/empowering-education-and-faith-in-vietnam\/","title":{"rendered":"Fortaleciendo la educaci\u00f3n y la fe en Vietnam"},"content":{"rendered":"<p><div class=\"fusion-fullwidth fullwidth-box fusion-builder-row-1 fusion-flex-container nonhundred-percent-fullwidth non-hundred-percent-height-scrolling\" style=\"background-color: #ffffff;background-position: center center;background-repeat: no-repeat;border-width: 0px 0px 0px 0px;border-color:#eae9e9;border-style:solid;\" ><div class=\"fusion-builder-row fusion-row fusion-flex-align-items-flex-start\" style=\"max-width:1216.8px;margin-left: calc(-4% \/ 2 );margin-right: calc(-4% \/ 2 );\"><div class=\"fusion-layout-column fusion_builder_column fusion-builder-column-0 fusion_builder_column_1_1 1_1 fusion-flex-column\"><div class=\"fusion-column-wrapper fusion-flex-justify-content-flex-start fusion-content-layout-column\" style=\"background-position:left top;background-repeat:no-repeat;-webkit-background-size:cover;-moz-background-size:cover;-o-background-size:cover;background-size:cover;padding: 0px 0px 0px 0px;\"><div class=\"fusion-text fusion-text-1\"><p>Los frailes franciscanos de la provincia de San Francisco de Vietnam est\u00e1n celebrando un hito en su misi\u00f3n de apoyar la educaci\u00f3n y el crecimiento espiritual de los estudiantes de grupos \u00e9tnicos pobres de Laos. Gracias a nuestros incre\u00edbles donantes, hemos comprado y estamos renovando una casa para brindar un entorno seguro y acogedor para el aprendizaje y la vida de 20 estudiantes.<\/p>\n<p><span style=\"font-weight: 400;\">Los frailes deseaban desde hac\u00eda tiempo crear un internado, pero la falta de financiaci\u00f3n y la pandemia retrasaron sus planes. Finalmente, un vecino de su casa comunitaria decidi\u00f3 vender un edificio adyacente, apto para estudiantes internos.<\/span><\/p>\n<\/div><\/div><style type=\"text\/css\">.fusion-body .fusion-builder-column-0{width:100% !important;margin-top : 0px;margin-bottom : 20px;}.fusion-builder-column-0 > .fusion-column-wrapper {padding-top : 0px !important;padding-right : 0px !important;margin-right : 1.92%;padding-bottom : 0px !important;padding-left : 0px !important;margin-left : 1.92%;}@media only screen and (max-width:1024px) {.fusion-body .fusion-builder-column-0{width:100% !important;order : 0;}.fusion-builder-column-0 > .fusion-column-wrapper {margin-right : 1.92%;margin-left : 1.92%;}}@media only screen and (max-width:640px) {.fusion-body .fusion-builder-column-0{width:100% !important;order : 0;}.fusion-builder-column-0 > .fusion-column-wrapper {margin-right : 1.92%;margin-left : 1.92%;}}<\/style><\/div><div class=\"fusion-layout-column fusion_builder_column fusion-builder-column-1 fusion_builder_column_1_2 1_2 fusion-flex-column\"><div class=\"fusion-column-wrapper fusion-flex-justify-content-flex-start fusion-content-layout-column\" style=\"background-position:left top;background-repeat:no-repeat;-webkit-background-size:cover;-moz-background-size:cover;-o-background-size:cover;background-size:cover;padding: 0px 0px 0px 0px;\"><div ><span class=\"fusion-imageframe imageframe-none imageframe-1 hover-type-none\"><img decoding=\"async\" width=\"1280\" height=\"795\" title=\"GSFM-76-23_Foto 4\" src=\"https:\/\/franciscanmissions.org\/wp-content\/uploads\/2024\/10\/GSFM-76-23_Photo4-e1729024128174.jpg\" class=\"img-responsive wp-image-6747\" srcset=\"https:\/\/franciscanmissions.org\/wp-content\/uploads\/2024\/10\/GSFM-76-23_Photo4-e1729024128174-200x124.jpg 200w, https:\/\/franciscanmissions.org\/wp-content\/uploads\/2024\/10\/GSFM-76-23_Photo4-e1729024128174-400x248.jpg 400w, https:\/\/franciscanmissions.org\/wp-content\/uploads\/2024\/10\/GSFM-76-23_Photo4-e1729024128174-600x373.jpg 600w, https:\/\/franciscanmissions.org\/wp-content\/uploads\/2024\/10\/GSFM-76-23_Photo4-e1729024128174-800x497.jpg 800w, https:\/\/franciscanmissions.org\/wp-content\/uploads\/2024\/10\/GSFM-76-23_Photo4-e1729024128174-1200x745.jpg 1200w, https:\/\/franciscanmissions.org\/wp-content\/uploads\/2024\/10\/GSFM-76-23_Photo4-e1729024128174.jpg 1280w\" sizes=\"(max-width: 1024px) 100vw, (max-width: 640px) 100vw, 600px\" \/><\/span><\/div><\/div><style type=\"text\/css\">.fusion-body .fusion-builder-column-1{width:50% !important;margin-top : 0px;margin-bottom : 20px;}.fusion-builder-column-1 > .fusion-column-wrapper {padding-top : 0px !important;padding-right : 0px !important;margin-right : 3.84%;padding-bottom : 0px !important;padding-left : 0px !important;margin-left : 3.84%;}@media only screen and (max-width:1024px) {.fusion-body .fusion-builder-column-1{width:100% !important;order : 0;}.fusion-builder-column-1 > .fusion-column-wrapper {margin-right : 1.92%;margin-left : 1.92%;}}@media only screen and (max-width:640px) {.fusion-body .fusion-builder-column-1{width:100% !important;order : 0;}.fusion-builder-column-1 > .fusion-column-wrapper {margin-right : 1.92%;margin-left : 1.92%;}}<\/style><\/div><div class=\"fusion-layout-column fusion_builder_column fusion-builder-column-2 fusion_builder_column_1_2 1_2 fusion-flex-column\"><div class=\"fusion-column-wrapper fusion-flex-justify-content-flex-start fusion-content-layout-column\" style=\"background-position:left top;background-repeat:no-repeat;-webkit-background-size:cover;-moz-background-size:cover;-o-background-size:cover;background-size:cover;padding: 0px 0px 0px 0px;\"><div ><span class=\"fusion-imageframe imageframe-none imageframe-2 hover-type-none\"><img decoding=\"async\" width=\"1280\" height=\"849\" title=\"2023_GSFM 76-23_Laos_Vivienda-03\" src=\"https:\/\/franciscanmissions.org\/wp-content\/uploads\/2024\/10\/2023_GSFM-76-23_Laos_Housing-03-e1729024291797.jpg\" class=\"img-responsive wp-image-6744\" srcset=\"https:\/\/franciscanmissions.org\/wp-content\/uploads\/2024\/10\/2023_GSFM-76-23_Laos_Housing-03-e1729024291797-200x133.jpg 200w, https:\/\/franciscanmissions.org\/wp-content\/uploads\/2024\/10\/2023_GSFM-76-23_Laos_Housing-03-e1729024291797-400x265.jpg 400w, https:\/\/franciscanmissions.org\/wp-content\/uploads\/2024\/10\/2023_GSFM-76-23_Laos_Housing-03-e1729024291797-600x398.jpg 600w, https:\/\/franciscanmissions.org\/wp-content\/uploads\/2024\/10\/2023_GSFM-76-23_Laos_Housing-03-e1729024291797-800x531.jpg 800w, https:\/\/franciscanmissions.org\/wp-content\/uploads\/2024\/10\/2023_GSFM-76-23_Laos_Housing-03-e1729024291797-1200x796.jpg 1200w, https:\/\/franciscanmissions.org\/wp-content\/uploads\/2024\/10\/2023_GSFM-76-23_Laos_Housing-03-e1729024291797.jpg 1280w\" sizes=\"(max-width: 1024px) 100vw, (max-width: 640px) 100vw, 600px\" \/><\/span><\/div><\/div><style type=\"text\/css\">.fusion-body .fusion-builder-column-2{width:50% !important;margin-top : 0px;margin-bottom : 20px;}.fusion-builder-column-2 > .fusion-column-wrapper {padding-top : 0px !important;padding-right : 0px !important;margin-right : 3.84%;padding-bottom : 0px !important;padding-left : 0px !important;margin-left : 3.84%;}@media only screen and (max-width:1024px) {.fusion-body .fusion-builder-column-2{width:100% !important;order : 0;}.fusion-builder-column-2 > .fusion-column-wrapper {margin-right : 1.92%;margin-left : 1.92%;}}@media only screen and (max-width:640px) {.fusion-body .fusion-builder-column-2{width:100% !important;order : 0;}.fusion-builder-column-2 > .fusion-column-wrapper {margin-right : 1.92%;margin-left : 1.92%;}}<\/style><\/div><\/div><style type=\"text\/css\">.fusion-body .fusion-flex-container.fusion-builder-row-1{ padding-top : 20px;margin-top : 0px;padding-right : 0px;padding-bottom : 20px;margin-bottom : 0px;padding-left : 0px;}<\/style><\/div><div class=\"fusion-fullwidth fullwidth-box fusion-builder-row-2 fusion-flex-container nonhundred-percent-fullwidth non-hundred-percent-height-scrolling\" style=\"background-color: #ffffff;background-position: center center;background-repeat: no-repeat;border-width: 0px 0px 0px 0px;border-color:#eae9e9;border-style:solid;\" ><div class=\"fusion-builder-row fusion-row fusion-flex-align-items-flex-start\" style=\"max-width:1216.8px;margin-left: calc(-4% \/ 2 );margin-right: calc(-4% \/ 2 );\"><div class=\"fusion-layout-column fusion_builder_column fusion-builder-column-3 fusion_builder_column_1_1 1_1 fusion-flex-column\"><div class=\"fusion-column-wrapper fusion-flex-justify-content-flex-start fusion-content-layout-column\" style=\"background-position:left top;background-repeat:no-repeat;-webkit-background-size:cover;-moz-background-size:cover;-o-background-size:cover;background-size:cover;padding: 0px 0px 0px 0px;\"><div class=\"fusion-text fusion-text-2\"><p>Las mejoras en la casa continuar\u00e1n durante el a\u00f1o escolar 2024-2025, incluida la ampliaci\u00f3n del aula y la sala de oraci\u00f3n.<\/p>\n<p>Este espacio es m\u00e1s que un simple edificio; es un faro de esperanza, que ofrece a estos j\u00f3venes estudiantes una educaci\u00f3n y un camino hacia el crecimiento espiritual y posibles vocaciones religiosas, lo que contribuye al crecimiento de la iglesia local, especialmente importante en un \u00e1rea que es budista.<\/p>\n<p><strong><em>Gracias por ayudarnos a iluminar m\u00e1s vidas en Laos y construir un futuro m\u00e1s brillante para estos ni\u00f1os merecedores.<\/em><\/strong><\/p>\n<\/div><\/div><style type=\"text\/css\">.fusion-body .fusion-builder-column-3{width:100% !important;margin-top : 0px;margin-bottom : 20px;}.fusion-builder-column-3 > .fusion-column-wrapper {padding-top : 0px !important;padding-right : 0px !important;margin-right : 1.92%;padding-bottom : 0px !important;padding-left : 0px !important;margin-left : 1.92%;}@media only screen and (max-width:1024px) {.fusion-body .fusion-builder-column-3{width:100% !important;order : 0;}.fusion-builder-column-3 > .fusion-column-wrapper {margin-right : 1.92%;margin-left : 1.92%;}}@media only screen and (max-width:640px) {.fusion-body .fusion-builder-column-3{width:100% !important;order : 0;}.fusion-builder-column-3 > .fusion-column-wrapper {margin-right : 1.92%;margin-left : 1.92%;}}<\/style><\/div><div class=\"fusion-layout-column fusion_builder_column fusion-builder-column-4 fusion_builder_column_1_2 1_2 fusion-flex-column\"><div class=\"fusion-column-wrapper fusion-flex-justify-content-flex-start fusion-content-layout-column\" style=\"background-position:left top;background-repeat:no-repeat;-webkit-background-size:cover;-moz-background-size:cover;-o-background-size:cover;background-size:cover;padding: 0px 0px 0px 0px;\"><div ><span class=\"fusion-imageframe imageframe-none imageframe-3 hover-type-none\"><img decoding=\"async\" width=\"1280\" height=\"960\" title=\"GSFM-76-23_Foto 3\" src=\"https:\/\/franciscanmissions.org\/wp-content\/uploads\/2024\/10\/GSFM-76-23_Photo3.jpg\" class=\"img-responsive wp-image-6748\" srcset=\"https:\/\/franciscanmissions.org\/wp-content\/uploads\/2024\/10\/GSFM-76-23_Photo3-200x150.jpg 200w, https:\/\/franciscanmissions.org\/wp-content\/uploads\/2024\/10\/GSFM-76-23_Photo3-400x300.jpg 400w, https:\/\/franciscanmissions.org\/wp-content\/uploads\/2024\/10\/GSFM-76-23_Photo3-600x450.jpg 600w, https:\/\/franciscanmissions.org\/wp-content\/uploads\/2024\/10\/GSFM-76-23_Photo3-800x600.jpg 800w, https:\/\/franciscanmissions.org\/wp-content\/uploads\/2024\/10\/GSFM-76-23_Photo3-1200x900.jpg 1200w, https:\/\/franciscanmissions.org\/wp-content\/uploads\/2024\/10\/GSFM-76-23_Photo3.jpg 1280w\" sizes=\"(max-width: 1024px) 100vw, (max-width: 640px) 100vw, 600px\" \/><\/span><\/div><\/div><style type=\"text\/css\">.fusion-body .fusion-builder-column-4{width:50% !important;margin-top : 0px;margin-bottom : 20px;}.fusion-builder-column-4 > .fusion-column-wrapper {padding-top : 0px !important;padding-right : 0px !important;margin-right : 3.84%;padding-bottom : 0px !important;padding-left : 0px !important;margin-left : 3.84%;}@media only screen and (max-width:1024px) {.fusion-body .fusion-builder-column-4{width:100% !important;order : 0;}.fusion-builder-column-4 > .fusion-column-wrapper {margin-right : 1.92%;margin-left : 1.92%;}}@media only screen and (max-width:640px) {.fusion-body .fusion-builder-column-4{width:100% !important;order : 0;}.fusion-builder-column-4 > .fusion-column-wrapper {margin-right : 1.92%;margin-left : 1.92%;}}<\/style><\/div><div class=\"fusion-layout-column fusion_builder_column fusion-builder-column-5 fusion_builder_column_1_2 1_2 fusion-flex-column\"><div class=\"fusion-column-wrapper fusion-flex-justify-content-flex-start fusion-content-layout-column\" style=\"background-position:left top;background-repeat:no-repeat;-webkit-background-size:cover;-moz-background-size:cover;-o-background-size:cover;background-size:cover;padding: 0px 0px 0px 0px;\"><div ><span class=\"fusion-imageframe imageframe-none imageframe-4 hover-type-none\"><img decoding=\"async\" width=\"1280\" height=\"960\" title=\"GSFM-76-23_Foto 1\" src=\"https:\/\/franciscanmissions.org\/wp-content\/uploads\/2024\/10\/GSFM-76-23_Photo1.jpg\" class=\"img-responsive wp-image-6745\" srcset=\"https:\/\/franciscanmissions.org\/wp-content\/uploads\/2024\/10\/GSFM-76-23_Photo1-200x150.jpg 200w, https:\/\/franciscanmissions.org\/wp-content\/uploads\/2024\/10\/GSFM-76-23_Photo1-400x300.jpg 400w, https:\/\/franciscanmissions.org\/wp-content\/uploads\/2024\/10\/GSFM-76-23_Photo1-600x450.jpg 600w, https:\/\/franciscanmissions.org\/wp-content\/uploads\/2024\/10\/GSFM-76-23_Photo1-800x600.jpg 800w, https:\/\/franciscanmissions.org\/wp-content\/uploads\/2024\/10\/GSFM-76-23_Photo1-1200x900.jpg 1200w, https:\/\/franciscanmissions.org\/wp-content\/uploads\/2024\/10\/GSFM-76-23_Photo1.jpg 1280w\" sizes=\"(max-width: 1024px) 100vw, (max-width: 640px) 100vw, 600px\" \/><\/span><\/div><\/div><style type=\"text\/css\">.fusion-body .fusion-builder-column-5{width:50% !important;margin-top : 0px;margin-bottom : 20px;}.fusion-builder-column-5 > .fusion-column-wrapper {padding-top : 0px !important;padding-right : 0px !important;margin-right : 3.84%;padding-bottom : 0px !important;padding-left : 0px !important;margin-left : 3.84%;}@media only screen and (max-width:1024px) {.fusion-body .fusion-builder-column-5{width:100% !important;order : 0;}.fusion-builder-column-5 > .fusion-column-wrapper {margin-right : 1.92%;margin-left : 1.92%;}}@media only screen and (max-width:640px) {.fusion-body .fusion-builder-column-5{width:100% !important;order : 0;}.fusion-builder-column-5 > .fusion-column-wrapper {margin-right : 1.92%;margin-left : 1.92%;}}<\/style><\/div><\/div><style type=\"text\/css\">.fusion-body .fusion-flex-container.fusion-builder-row-2{ padding-top : 20px;margin-top : 0px;padding-right : 0px;padding-bottom : 20px;margin-bottom : 0px;padding-left : 0px;}<\/style><\/div><\/p>","protected":false},"excerpt":{"rendered":"","protected":false},"author":14,"featured_media":6746,"comment_status":"open","ping_status":"open","sticky":false,"template":"","format":"standard","meta":{"_acf_changed":false,"footnotes":""},"categories":[160],"tags":[],"country":[166],"class_list":["post-6743","post","type-post","status-publish","format-standard","has-post-thumbnail","hentry","category-education","country-vietnam"],"acf":[],"yoast_head":"<!-- This site is optimized with the Yoast SEO Premium plugin v27.1 (Yoast SEO v27.1.1) - https:\/\/yoast.com\/product\/yoast-seo-premium-wordpress\/ -->\n<title>Empowering Education and Faith in Vietnam - Franciscan Missions<\/title>\n<meta name=\"robots\" content=\"index, follow, max-snippet:-1, max-image-preview:large, max-video-preview:-1\" \/>\n<link rel=\"canonical\" href=\"https:\/\/franciscanmissions.org\/es\/empowering-education-and-faith-in-vietnam\/\" \/>\n<meta property=\"og:locale\" content=\"es_MX\" \/>\n<meta property=\"og:type\" content=\"article\" \/>\n<meta property=\"og:title\" content=\"Empowering Education and Faith in Vietnam\" \/>\n<meta property=\"og:url\" content=\"https:\/\/franciscanmissions.org\/es\/empowering-education-and-faith-in-vietnam\/\" \/>\n<meta property=\"og:site_name\" content=\"Franciscan Missions\" \/>\n<meta property=\"article:publisher\" content=\"https:\/\/www.facebook.com\/franciscanmissions\/\" \/>\n<meta property=\"article:published_time\" content=\"2024-10-15T20:32:45+00:00\" \/>\n<meta property=\"article:modified_time\" content=\"2025-02-24T16:21:35+00:00\" \/>\n<meta property=\"og:image\" content=\"https:\/\/franciscanmissions.org\/wp-content\/uploads\/2024\/10\/GSFM-76-23_Photo5-e1729024267205.jpg\" \/>\n\t<meta property=\"og:image:width\" content=\"1147\" \/>\n\t<meta property=\"og:image:height\" content=\"738\" \/>\n\t<meta property=\"og:image:type\" content=\"image\/jpeg\" \/>\n<meta name=\"author\" content=\"USDP\" \/>\n<meta name=\"twitter:card\" content=\"summary_large_image\" \/>\n<meta name=\"twitter:label1\" content=\"Escrito por\" \/>\n\t<meta name=\"twitter:data1\" content=\"USDP\" \/>\n\t<meta name=\"twitter:label2\" content=\"Tiempo de lectura\" \/>\n\t<meta name=\"twitter:data2\" content=\"6 minutos\" \/>\n<script type=\"application\/ld+json\" class=\"yoast-schema-graph\">{\"@context\":\"https:\/\/schema.org\",\"@graph\":[{\"@type\":\"Article\",\"@id\":\"https:\/\/franciscanmissions.org\/empowering-education-and-faith-in-vietnam\/#article\",\"isPartOf\":{\"@id\":\"https:\/\/franciscanmissions.org\/empowering-education-and-faith-in-vietnam\/\"},\"author\":{\"name\":\"USDP\",\"@id\":\"https:\/\/franciscanmissions.org\/#\/schema\/person\/44a8228ab70cb396b96fc1986ca51f7e\"},\"headline\":\"Empowering Education and Faith in Vietnam\",\"datePublished\":\"2024-10-15T20:32:45+00:00\",\"dateModified\":\"2025-02-24T16:21:35+00:00\",\"mainEntityOfPage\":{\"@id\":\"https:\/\/franciscanmissions.org\/empowering-education-and-faith-in-vietnam\/\"},\"wordCount\":2779,\"commentCount\":0,\"publisher\":{\"@id\":\"https:\/\/franciscanmissions.org\/#organization\"},\"image\":{\"@id\":\"https:\/\/franciscanmissions.org\/empowering-education-and-faith-in-vietnam\/#primaryimage\"},\"thumbnailUrl\":\"https:\/\/franciscanmissions.org\/wp-content\/uploads\/2024\/10\/GSFM-76-23_Photo5-e1729024267205.jpg\",\"articleSection\":[\"Education\"],\"inLanguage\":\"es\",\"potentialAction\":[{\"@type\":\"CommentAction\",\"name\":\"Comment\",\"target\":[\"https:\/\/franciscanmissions.org\/empowering-education-and-faith-in-vietnam\/#respond\"]}]},{\"@type\":\"WebPage\",\"@id\":\"https:\/\/franciscanmissions.org\/empowering-education-and-faith-in-vietnam\/\",\"url\":\"https:\/\/franciscanmissions.org\/empowering-education-and-faith-in-vietnam\/\",\"name\":\"Empowering Education and Faith in Vietnam - Franciscan Missions\",\"isPartOf\":{\"@id\":\"https:\/\/franciscanmissions.org\/#website\"},\"primaryImageOfPage\":{\"@id\":\"https:\/\/franciscanmissions.org\/empowering-education-and-faith-in-vietnam\/#primaryimage\"},\"image\":{\"@id\":\"https:\/\/franciscanmissions.org\/empowering-education-and-faith-in-vietnam\/#primaryimage\"},\"thumbnailUrl\":\"https:\/\/franciscanmissions.org\/wp-content\/uploads\/2024\/10\/GSFM-76-23_Photo5-e1729024267205.jpg\",\"datePublished\":\"2024-10-15T20:32:45+00:00\",\"dateModified\":\"2025-02-24T16:21:35+00:00\",\"breadcrumb\":{\"@id\":\"https:\/\/franciscanmissions.org\/empowering-education-and-faith-in-vietnam\/#breadcrumb\"},\"inLanguage\":\"es\",\"potentialAction\":[{\"@type\":\"ReadAction\",\"target\":[\"https:\/\/franciscanmissions.org\/empowering-education-and-faith-in-vietnam\/\"]}]},{\"@type\":\"ImageObject\",\"inLanguage\":\"es\",\"@id\":\"https:\/\/franciscanmissions.org\/empowering-education-and-faith-in-vietnam\/#primaryimage\",\"url\":\"https:\/\/franciscanmissions.org\/wp-content\/uploads\/2024\/10\/GSFM-76-23_Photo5-e1729024267205.jpg\",\"contentUrl\":\"https:\/\/franciscanmissions.org\/wp-content\/uploads\/2024\/10\/GSFM-76-23_Photo5-e1729024267205.jpg\",\"width\":1147,\"height\":738},{\"@type\":\"BreadcrumbList\",\"@id\":\"https:\/\/franciscanmissions.org\/empowering-education-and-faith-in-vietnam\/#breadcrumb\",\"itemListElement\":[{\"@type\":\"ListItem\",\"position\":1,\"name\":\"Home\",\"item\":\"https:\/\/franciscanmissions.org\/\"},{\"@type\":\"ListItem\",\"position\":2,\"name\":\"Empowering Education and Faith in Vietnam\"}]},{\"@type\":\"WebSite\",\"@id\":\"https:\/\/franciscanmissions.org\/#website\",\"url\":\"https:\/\/franciscanmissions.org\/\",\"name\":\"Franciscan Missions\",\"description\":\"Together, we deliver hope\",\"publisher\":{\"@id\":\"https:\/\/franciscanmissions.org\/#organization\"},\"potentialAction\":[{\"@type\":\"SearchAction\",\"target\":{\"@type\":\"EntryPoint\",\"urlTemplate\":\"https:\/\/franciscanmissions.org\/?s={search_term_string}\"},\"query-input\":{\"@type\":\"PropertyValueSpecification\",\"valueRequired\":true,\"valueName\":\"search_term_string\"}}],\"inLanguage\":\"es\"},{\"@type\":\"Organization\",\"@id\":\"https:\/\/franciscanmissions.org\/#organization\",\"name\":\"Franciscan Missions\",\"url\":\"https:\/\/franciscanmissions.org\/\",\"logo\":{\"@type\":\"ImageObject\",\"inLanguage\":\"es\",\"@id\":\"https:\/\/franciscanmissions.org\/#\/schema\/logo\/image\/\",\"url\":\"https:\/\/franciscanmissions.org\/wp-content\/uploads\/2019\/01\/fm_logo@2x.png\",\"contentUrl\":\"https:\/\/franciscanmissions.org\/wp-content\/uploads\/2019\/01\/fm_logo@2x.png\",\"width\":304,\"height\":108,\"caption\":\"Franciscan Missions\"},\"image\":{\"@id\":\"https:\/\/franciscanmissions.org\/#\/schema\/logo\/image\/\"},\"sameAs\":[\"https:\/\/www.facebook.com\/franciscanmissions\/\"]},{\"@type\":\"Person\",\"@id\":\"https:\/\/franciscanmissions.org\/#\/schema\/person\/44a8228ab70cb396b96fc1986ca51f7e\",\"name\":\"USDP\",\"image\":{\"@type\":\"ImageObject\",\"inLanguage\":\"es\",\"@id\":\"https:\/\/franciscanmissions.org\/#\/schema\/person\/image\/\",\"url\":\"https:\/\/secure.gravatar.com\/avatar\/9074f8ac56e19195cc8cce5d3a0cbd40c3e66c0402b3b617649576b10775074d?s=96&d=mm&r=g\",\"contentUrl\":\"https:\/\/secure.gravatar.com\/avatar\/9074f8ac56e19195cc8cce5d3a0cbd40c3e66c0402b3b617649576b10775074d?s=96&d=mm&r=g\",\"caption\":\"USDP\"},\"sameAs\":[\"https:\/\/www.franciscanmissions.org\"],\"url\":\"https:\/\/franciscanmissions.org\/es\/author\/usdp\/\"}]}<\/script>\n<!-- \/ Yoast SEO Premium plugin. -->","yoast_head_json":{"title":"Fortaleciendo la educaci\u00f3n y la fe en Vietnam - Misiones Franciscanas","robots":{"index":"index","follow":"follow","max-snippet":"max-snippet:-1","max-image-preview":"max-image-preview:large","max-video-preview":"max-video-preview:-1"},"canonical":"https:\/\/franciscanmissions.org\/es\/empowering-education-and-faith-in-vietnam\/","og_locale":"es_MX","og_type":"article","og_title":"Empowering Education and Faith in Vietnam","og_url":"https:\/\/franciscanmissions.org\/es\/empowering-education-and-faith-in-vietnam\/","og_site_name":"Franciscan Missions","article_publisher":"https:\/\/www.facebook.com\/franciscanmissions\/","article_published_time":"2024-10-15T20:32:45+00:00","article_modified_time":"2025-02-24T16:21:35+00:00","og_image":[{"width":1147,"height":738,"url":"https:\/\/franciscanmissions.org\/wp-content\/uploads\/2024\/10\/GSFM-76-23_Photo5-e1729024267205.jpg","type":"image\/jpeg"}],"author":"USDP","twitter_card":"summary_large_image","twitter_misc":{"Escrito por":"USDP","Tiempo de lectura":"6 minutos"},"schema":{"@context":"https:\/\/schema.org","@graph":[{"@type":"Article","@id":"https:\/\/franciscanmissions.org\/empowering-education-and-faith-in-vietnam\/#article","isPartOf":{"@id":"https:\/\/franciscanmissions.org\/empowering-education-and-faith-in-vietnam\/"},"author":{"name":"USDP","@id":"https:\/\/franciscanmissions.org\/#\/schema\/person\/44a8228ab70cb396b96fc1986ca51f7e"},"headline":"Empowering Education and Faith in Vietnam","datePublished":"2024-10-15T20:32:45+00:00","dateModified":"2025-02-24T16:21:35+00:00","mainEntityOfPage":{"@id":"https:\/\/franciscanmissions.org\/empowering-education-and-faith-in-vietnam\/"},"wordCount":2779,"commentCount":0,"publisher":{"@id":"https:\/\/franciscanmissions.org\/#organization"},"image":{"@id":"https:\/\/franciscanmissions.org\/empowering-education-and-faith-in-vietnam\/#primaryimage"},"thumbnailUrl":"https:\/\/franciscanmissions.org\/wp-content\/uploads\/2024\/10\/GSFM-76-23_Photo5-e1729024267205.jpg","articleSection":["Education"],"inLanguage":"es","potentialAction":[{"@type":"CommentAction","name":"Comment","target":["https:\/\/franciscanmissions.org\/empowering-education-and-faith-in-vietnam\/#respond"]}]},{"@type":"WebPage","@id":"https:\/\/franciscanmissions.org\/empowering-education-and-faith-in-vietnam\/","url":"https:\/\/franciscanmissions.org\/empowering-education-and-faith-in-vietnam\/","name":"Fortaleciendo la educaci\u00f3n y la fe en Vietnam - Misiones Franciscanas","isPartOf":{"@id":"https:\/\/franciscanmissions.org\/#website"},"primaryImageOfPage":{"@id":"https:\/\/franciscanmissions.org\/empowering-education-and-faith-in-vietnam\/#primaryimage"},"image":{"@id":"https:\/\/franciscanmissions.org\/empowering-education-and-faith-in-vietnam\/#primaryimage"},"thumbnailUrl":"https:\/\/franciscanmissions.org\/wp-content\/uploads\/2024\/10\/GSFM-76-23_Photo5-e1729024267205.jpg","datePublished":"2024-10-15T20:32:45+00:00","dateModified":"2025-02-24T16:21:35+00:00","breadcrumb":{"@id":"https:\/\/franciscanmissions.org\/empowering-education-and-faith-in-vietnam\/#breadcrumb"},"inLanguage":"es","potentialAction":[{"@type":"ReadAction","target":["https:\/\/franciscanmissions.org\/empowering-education-and-faith-in-vietnam\/"]}]},{"@type":"ImageObject","inLanguage":"es","@id":"https:\/\/franciscanmissions.org\/empowering-education-and-faith-in-vietnam\/#primaryimage","url":"https:\/\/franciscanmissions.org\/wp-content\/uploads\/2024\/10\/GSFM-76-23_Photo5-e1729024267205.jpg","contentUrl":"https:\/\/franciscanmissions.org\/wp-content\/uploads\/2024\/10\/GSFM-76-23_Photo5-e1729024267205.jpg","width":1147,"height":738},{"@type":"BreadcrumbList","@id":"https:\/\/franciscanmissions.org\/empowering-education-and-faith-in-vietnam\/#breadcrumb","itemListElement":[{"@type":"ListItem","position":1,"name":"Home","item":"https:\/\/franciscanmissions.org\/"},{"@type":"ListItem","position":2,"name":"Empowering Education and Faith in Vietnam"}]},{"@type":"WebSite","@id":"https:\/\/franciscanmissions.org\/#website","url":"https:\/\/franciscanmissions.org\/","name":"las misiones franciscanas","description":"Juntos, entregamos esperanza","publisher":{"@id":"https:\/\/franciscanmissions.org\/#organization"},"potentialAction":[{"@type":"SearchAction","target":{"@type":"EntryPoint","urlTemplate":"https:\/\/franciscanmissions.org\/?s={search_term_string}"},"query-input":{"@type":"PropertyValueSpecification","valueRequired":true,"valueName":"search_term_string"}}],"inLanguage":"es"},{"@type":"Organization","@id":"https:\/\/franciscanmissions.org\/#organization","name":"las misiones franciscanas","url":"https:\/\/franciscanmissions.org\/","logo":{"@type":"ImageObject","inLanguage":"es","@id":"https:\/\/franciscanmissions.org\/#\/schema\/logo\/image\/","url":"https:\/\/franciscanmissions.org\/wp-content\/uploads\/2019\/01\/fm_logo@2x.png","contentUrl":"https:\/\/franciscanmissions.org\/wp-content\/uploads\/2019\/01\/fm_logo@2x.png","width":304,"height":108,"caption":"Franciscan Missions"},"image":{"@id":"https:\/\/franciscanmissions.org\/#\/schema\/logo\/image\/"},"sameAs":["https:\/\/www.facebook.com\/franciscanmissions\/"]},{"@type":"Person","@id":"https:\/\/franciscanmissions.org\/#\/schema\/person\/44a8228ab70cb396b96fc1986ca51f7e","name":"USDP","image":{"@type":"ImageObject","inLanguage":"es","@id":"https:\/\/franciscanmissions.org\/#\/schema\/person\/image\/","url":"https:\/\/secure.gravatar.com\/avatar\/9074f8ac56e19195cc8cce5d3a0cbd40c3e66c0402b3b617649576b10775074d?s=96&d=mm&r=g","contentUrl":"https:\/\/secure.gravatar.com\/avatar\/9074f8ac56e19195cc8cce5d3a0cbd40c3e66c0402b3b617649576b10775074d?s=96&d=mm&r=g","caption":"USDP"},"sameAs":["https:\/\/www.franciscanmissions.org"],"url":"https:\/\/franciscanmissions.org\/es\/author\/usdp\/"}]}},"_links":{"self":[{"href":"https:\/\/franciscanmissions.org\/es\/wp-json\/wp\/v2\/posts\/6743","targetHints":{"allow":["GET"]}}],"collection":[{"href":"https:\/\/franciscanmissions.org\/es\/wp-json\/wp\/v2\/posts"}],"about":[{"href":"https:\/\/franciscanmissions.org\/es\/wp-json\/wp\/v2\/types\/post"}],"author":[{"embeddable":true,"href":"https:\/\/franciscanmissions.org\/es\/wp-json\/wp\/v2\/users\/14"}],"replies":[{"embeddable":true,"href":"https:\/\/franciscanmissions.org\/es\/wp-json\/wp\/v2\/comments?post=6743"}],"version-history":[{"count":4,"href":"https:\/\/franciscanmissions.org\/es\/wp-json\/wp\/v2\/posts\/6743\/revisions"}],"predecessor-version":[{"id":6760,"href":"https:\/\/franciscanmissions.org\/es\/wp-json\/wp\/v2\/posts\/6743\/revisions\/6760"}],"wp:featuredmedia":[{"embeddable":true,"href":"https:\/\/franciscanmissions.org\/es\/wp-json\/wp\/v2\/media\/6746"}],"wp:attachment":[{"href":"https:\/\/franciscanmissions.org\/es\/wp-json\/wp\/v2\/media?parent=6743"}],"wp:term":[{"taxonomy":"category","embeddable":true,"href":"https:\/\/franciscanmissions.org\/es\/wp-json\/wp\/v2\/categories?post=6743"},{"taxonomy":"post_tag","embeddable":true,"href":"https:\/\/franciscanmissions.org\/es\/wp-json\/wp\/v2\/tags?post=6743"},{"taxonomy":"country","embeddable":true,"href":"https:\/\/franciscanmissions.org\/es\/wp-json\/wp\/v2\/country?post=6743"}],"curies":[{"name":"wp","href":"https:\/\/api.w.org\/{rel}","templated":true}]}}