{"id":2350,"date":"2018-03-27T14:32:47","date_gmt":"2018-03-27T18:32:47","guid":{"rendered":"https:\/\/franciscanmissions.org\/?p=2350"},"modified":"2025-03-12T10:06:13","modified_gmt":"2025-03-12T14:06:13","slug":"journey-cross-begins-palm-sunday","status":"publish","type":"post","link":"https:\/\/franciscanmissions.org\/es\/journey-cross-begins-palm-sunday\/","title":{"rendered":"El viaje a la cruz comienza el domingo de Ramos"},"content":{"rendered":"<p>\u00bfCu\u00e1ndo fue la \u00faltima vez que su iglesia se llen\u00f3 con j\u00f3venes que estuvieron presentes voluntariamente para cantar, orar y celebrar su fe? Tuve el privilegio de asistir a la misa juvenil anual de los domingos de Ramos con nuestros novicios en la Iglesia Catedral en Da Lat el s\u00e1bado. Los j\u00f3venes ten\u00edan edades comprendidas entre los 18 y los 25 a\u00f1os aproximadamente. \u00a1Se reunieron de las diferentes iglesias cat\u00f3licas de la zona y sumaron m\u00e1s de 1000!<img decoding=\"async\" class=\"size-medium wp-image-2352 alignright\" src=\"https:\/\/franciscanmissions.org\/wp-content\/uploads\/2018\/03\/Week-Eight-PALM-SUNDAY_09-225x300.jpg\" alt=\"\" width=\"225\" height=\"300\" srcset=\"https:\/\/franciscanmissions.org\/wp-content\/uploads\/2018\/03\/Week-Eight-PALM-SUNDAY_09-120x160.jpg 120w, https:\/\/franciscanmissions.org\/wp-content\/uploads\/2018\/03\/Week-Eight-PALM-SUNDAY_09-200x267.jpg 200w, https:\/\/franciscanmissions.org\/wp-content\/uploads\/2018\/03\/Week-Eight-PALM-SUNDAY_09-225x300.jpg 225w, https:\/\/franciscanmissions.org\/wp-content\/uploads\/2018\/03\/Week-Eight-PALM-SUNDAY_09-400x533.jpg 400w, https:\/\/franciscanmissions.org\/wp-content\/uploads\/2018\/03\/Week-Eight-PALM-SUNDAY_09-500x667.jpg 500w, https:\/\/franciscanmissions.org\/wp-content\/uploads\/2018\/03\/Week-Eight-PALM-SUNDAY_09-600x800.jpg 600w, https:\/\/franciscanmissions.org\/wp-content\/uploads\/2018\/03\/Week-Eight-PALM-SUNDAY_09-768x1024.jpg 768w, https:\/\/franciscanmissions.org\/wp-content\/uploads\/2018\/03\/Week-Eight-PALM-SUNDAY_09-800x1067.jpg 800w, https:\/\/franciscanmissions.org\/wp-content\/uploads\/2018\/03\/Week-Eight-PALM-SUNDAY_09.jpg 900w\" sizes=\"(max-width: 225px) 100vw, 225px\" \/><\/p>\n<p>La misa estaba programada para comenzar a las 5:30 PM, pero los j\u00f3venes comenzaron a reunirse en la plaza afuera de la catedral alrededor de las 4:00 PM. Un grupo de j\u00f3venes aspirantes salesianos formaron una l\u00ednea de bienvenida y ellos aplaudieron cuando cada grupo de j\u00f3venes pasaba por. Atentamente, tuvimos que guiar a nuestra Brown Band of Brothers a trav\u00e9s de la l\u00ednea mientras todos nos animaban. La procesi\u00f3n con palmeras comenz\u00f3 justo a tiempo y el obispo condujo a los j\u00f3venes entusiastas a su catedral. Debo decir que nunca he estado en una multitud tan grande de gente joven donde no escuch\u00e9 el timbre de nadie ni vi a nadie enviar mensajes de texto. Qu\u00e9 agradable y <img decoding=\"async\" class=\"size-medium wp-image-2353 alignleft\" src=\"https:\/\/franciscanmissions.org\/wp-content\/uploads\/2018\/03\/Week-Eight-PALM-SUNDAY_03-300x224.jpg\" alt=\"\" width=\"300\" height=\"224\" srcset=\"https:\/\/franciscanmissions.org\/wp-content\/uploads\/2018\/03\/Week-Eight-PALM-SUNDAY_03-120x90.jpg 120w, https:\/\/franciscanmissions.org\/wp-content\/uploads\/2018\/03\/Week-Eight-PALM-SUNDAY_03-200x150.jpg 200w, https:\/\/franciscanmissions.org\/wp-content\/uploads\/2018\/03\/Week-Eight-PALM-SUNDAY_03-300x224.jpg 300w, https:\/\/franciscanmissions.org\/wp-content\/uploads\/2018\/03\/Week-Eight-PALM-SUNDAY_03-400x299.jpg 400w, https:\/\/franciscanmissions.org\/wp-content\/uploads\/2018\/03\/Week-Eight-PALM-SUNDAY_03-500x374.jpg 500w, https:\/\/franciscanmissions.org\/wp-content\/uploads\/2018\/03\/Week-Eight-PALM-SUNDAY_03-600x449.jpg 600w, https:\/\/franciscanmissions.org\/wp-content\/uploads\/2018\/03\/Week-Eight-PALM-SUNDAY_03-768x574.jpg 768w, https:\/\/franciscanmissions.org\/wp-content\/uploads\/2018\/03\/Week-Eight-PALM-SUNDAY_03-800x598.jpg 800w, https:\/\/franciscanmissions.org\/wp-content\/uploads\/2018\/03\/Week-Eight-PALM-SUNDAY_03-1024x766.jpg 1024w, https:\/\/franciscanmissions.org\/wp-content\/uploads\/2018\/03\/Week-Eight-PALM-SUNDAY_03.jpg 1170w\" sizes=\"(max-width: 300px) 100vw, 300px\" \/>\u00a1Sorprendente sorpresa! Despu\u00e9s de la misa, todos se dirigieron al auditorio donde disfrutamos de los s\u00e1ndwiches Banh Mi reci\u00e9n hechos y observamos algunas actuaciones creativas de varios grupos de j\u00f3venes. El mismo Domingo de Ramos me encontr\u00f3 con los novicios en el noviciado mientras celebramos la Fiesta una vez m\u00e1s.<\/p>\n<p>Es alentador presenciar que los j\u00f3venes defienden lo que creen. En un pa\u00eds como Vietnam, uno puede f\u00e1cilmente encontrarse a s\u00ed mismo como invitado del gobierno por sobrepasar los l\u00edmites de lo que es aceptable hablar o actuar. El movimiento &quot;Marcha por nuestras vidas&quot; en los Estados Unidos es otro ejemplo reconfortante de coraje. Los j\u00f3venes de hoy tienen algo que decirnos sobre lo que es importante en la vida. Mi modo predeterminado en estos a\u00f1os oto\u00f1ales de vida es ser el &quot;sill\u00f3n&quot;. <img decoding=\"async\" class=\"size-medium wp-image-2354 alignright\" src=\"https:\/\/franciscanmissions.org\/wp-content\/uploads\/2018\/03\/Week-Eight-PALM-SUNDAY_01-225x300.jpg\" alt=\"\" width=\"225\" height=\"300\" srcset=\"https:\/\/franciscanmissions.org\/wp-content\/uploads\/2018\/03\/Week-Eight-PALM-SUNDAY_01-120x160.jpg 120w, https:\/\/franciscanmissions.org\/wp-content\/uploads\/2018\/03\/Week-Eight-PALM-SUNDAY_01-200x267.jpg 200w, https:\/\/franciscanmissions.org\/wp-content\/uploads\/2018\/03\/Week-Eight-PALM-SUNDAY_01-225x300.jpg 225w, https:\/\/franciscanmissions.org\/wp-content\/uploads\/2018\/03\/Week-Eight-PALM-SUNDAY_01-400x533.jpg 400w, https:\/\/franciscanmissions.org\/wp-content\/uploads\/2018\/03\/Week-Eight-PALM-SUNDAY_01-500x667.jpg 500w, https:\/\/franciscanmissions.org\/wp-content\/uploads\/2018\/03\/Week-Eight-PALM-SUNDAY_01-600x800.jpg 600w, https:\/\/franciscanmissions.org\/wp-content\/uploads\/2018\/03\/Week-Eight-PALM-SUNDAY_01-768x1024.jpg 768w, https:\/\/franciscanmissions.org\/wp-content\/uploads\/2018\/03\/Week-Eight-PALM-SUNDAY_01-800x1067.jpg 800w, https:\/\/franciscanmissions.org\/wp-content\/uploads\/2018\/03\/Week-Eight-PALM-SUNDAY_01.jpg 900w\" sizes=\"(max-width: 225px) 100vw, 225px\" \/>El mariscal de campo &quot;que observa el mundo desde la distancia en su estilo de vida c\u00f3modo y seguro. Formar parte de la Misa Juvenil me inspira a creer que nuestros j\u00f3venes pueden y tienen una poderosa influencia a trav\u00e9s de su voluntad de expresar p\u00fablicamente sus creencias. Tengo mucho que aprender.<\/p>\n<p>\u00a1Paz y todo bien!<\/p>\n<p>Bruce<\/p>","protected":false},"excerpt":{"rendered":"<p>When was the last time that your church was filled to capacity with\u00a0young people who were present voluntarily to sing, pray, and to celebrate\u00a0their Faith? [&hellip;]<\/p>\n","protected":false},"author":13,"featured_media":2351,"comment_status":"closed","ping_status":"closed","sticky":false,"template":"","format":"standard","meta":{"_acf_changed":false,"footnotes":""},"categories":[1],"tags":[],"country":[166],"class_list":["post-2350","post","type-post","status-publish","format-standard","has-post-thumbnail","hentry","category-bposts","country-vietnam"],"acf":[],"yoast_head":"<!-- This site is optimized with the Yoast SEO Premium plugin v27.1 (Yoast SEO v27.1.1) - https:\/\/yoast.com\/product\/yoast-seo-premium-wordpress\/ -->\n<title>The Journey to the Cross Begins Palm Sunday - Franciscan Missions<\/title>\n<meta name=\"robots\" content=\"index, follow, max-snippet:-1, max-image-preview:large, max-video-preview:-1\" \/>\n<link rel=\"canonical\" href=\"https:\/\/franciscanmissions.org\/es\/journey-cross-begins-palm-sunday\/\" \/>\n<meta property=\"og:locale\" content=\"es_MX\" \/>\n<meta property=\"og:type\" content=\"article\" \/>\n<meta property=\"og:title\" content=\"The Journey to the Cross Begins Palm Sunday\" \/>\n<meta property=\"og:description\" content=\"When was the last time that your church was filled to capacity with\u00a0young people who were present voluntarily to sing, pray, and to celebrate\u00a0their Faith? [&hellip;]\" \/>\n<meta property=\"og:url\" content=\"https:\/\/franciscanmissions.org\/es\/journey-cross-begins-palm-sunday\/\" \/>\n<meta property=\"og:site_name\" content=\"Franciscan Missions\" \/>\n<meta property=\"article:publisher\" content=\"https:\/\/www.facebook.com\/franciscanmissions\/\" \/>\n<meta property=\"article:published_time\" content=\"2018-03-27T18:32:47+00:00\" \/>\n<meta property=\"article:modified_time\" content=\"2025-03-12T14:06:13+00:00\" \/>\n<meta property=\"og:image\" content=\"https:\/\/franciscanmissions.org\/wp-content\/uploads\/2018\/03\/Week-Eight-PALM-SUNDAY_10.jpg\" \/>\n\t<meta property=\"og:image:width\" content=\"900\" \/>\n\t<meta property=\"og:image:height\" content=\"1200\" \/>\n\t<meta property=\"og:image:type\" content=\"image\/jpeg\" \/>\n<meta name=\"author\" content=\"Bruce Michalek\" \/>\n<meta name=\"twitter:card\" content=\"summary_large_image\" \/>\n<meta name=\"twitter:label1\" content=\"Escrito por\" \/>\n\t<meta name=\"twitter:data1\" content=\"Bruce Michalek\" \/>\n\t<meta name=\"twitter:label2\" content=\"Tiempo de lectura\" \/>\n\t<meta name=\"twitter:data2\" content=\"2 minutos\" \/>\n<script type=\"application\/ld+json\" class=\"yoast-schema-graph\">{\"@context\":\"https:\/\/schema.org\",\"@graph\":[{\"@type\":\"Article\",\"@id\":\"https:\/\/franciscanmissions.org\/journey-cross-begins-palm-sunday\/#article\",\"isPartOf\":{\"@id\":\"https:\/\/franciscanmissions.org\/journey-cross-begins-palm-sunday\/\"},\"author\":{\"name\":\"Bruce Michalek\",\"@id\":\"https:\/\/franciscanmissions.org\/#\/schema\/person\/0897ec00af87a91a99ef9021be6f8044\"},\"headline\":\"The Journey to the Cross Begins Palm Sunday\",\"datePublished\":\"2018-03-27T18:32:47+00:00\",\"dateModified\":\"2025-03-12T14:06:13+00:00\",\"mainEntityOfPage\":{\"@id\":\"https:\/\/franciscanmissions.org\/journey-cross-begins-palm-sunday\/\"},\"wordCount\":393,\"publisher\":{\"@id\":\"https:\/\/franciscanmissions.org\/#organization\"},\"image\":{\"@id\":\"https:\/\/franciscanmissions.org\/journey-cross-begins-palm-sunday\/#primaryimage\"},\"thumbnailUrl\":\"https:\/\/franciscanmissions.org\/wp-content\/uploads\/2018\/03\/Week-Eight-PALM-SUNDAY_10.jpg\",\"articleSection\":[\"Blog Posts\"],\"inLanguage\":\"es\"},{\"@type\":\"WebPage\",\"@id\":\"https:\/\/franciscanmissions.org\/journey-cross-begins-palm-sunday\/\",\"url\":\"https:\/\/franciscanmissions.org\/journey-cross-begins-palm-sunday\/\",\"name\":\"The Journey to the Cross Begins Palm Sunday - Franciscan Missions\",\"isPartOf\":{\"@id\":\"https:\/\/franciscanmissions.org\/#website\"},\"primaryImageOfPage\":{\"@id\":\"https:\/\/franciscanmissions.org\/journey-cross-begins-palm-sunday\/#primaryimage\"},\"image\":{\"@id\":\"https:\/\/franciscanmissions.org\/journey-cross-begins-palm-sunday\/#primaryimage\"},\"thumbnailUrl\":\"https:\/\/franciscanmissions.org\/wp-content\/uploads\/2018\/03\/Week-Eight-PALM-SUNDAY_10.jpg\",\"datePublished\":\"2018-03-27T18:32:47+00:00\",\"dateModified\":\"2025-03-12T14:06:13+00:00\",\"breadcrumb\":{\"@id\":\"https:\/\/franciscanmissions.org\/journey-cross-begins-palm-sunday\/#breadcrumb\"},\"inLanguage\":\"es\",\"potentialAction\":[{\"@type\":\"ReadAction\",\"target\":[\"https:\/\/franciscanmissions.org\/journey-cross-begins-palm-sunday\/\"]}]},{\"@type\":\"ImageObject\",\"inLanguage\":\"es\",\"@id\":\"https:\/\/franciscanmissions.org\/journey-cross-begins-palm-sunday\/#primaryimage\",\"url\":\"https:\/\/franciscanmissions.org\/wp-content\/uploads\/2018\/03\/Week-Eight-PALM-SUNDAY_10.jpg\",\"contentUrl\":\"https:\/\/franciscanmissions.org\/wp-content\/uploads\/2018\/03\/Week-Eight-PALM-SUNDAY_10.jpg\",\"width\":900,\"height\":1200},{\"@type\":\"BreadcrumbList\",\"@id\":\"https:\/\/franciscanmissions.org\/journey-cross-begins-palm-sunday\/#breadcrumb\",\"itemListElement\":[{\"@type\":\"ListItem\",\"position\":1,\"name\":\"Home\",\"item\":\"https:\/\/franciscanmissions.org\/\"},{\"@type\":\"ListItem\",\"position\":2,\"name\":\"The Journey to the Cross Begins Palm Sunday\"}]},{\"@type\":\"WebSite\",\"@id\":\"https:\/\/franciscanmissions.org\/#website\",\"url\":\"https:\/\/franciscanmissions.org\/\",\"name\":\"Franciscan Missions\",\"description\":\"Together, we deliver hope\",\"publisher\":{\"@id\":\"https:\/\/franciscanmissions.org\/#organization\"},\"potentialAction\":[{\"@type\":\"SearchAction\",\"target\":{\"@type\":\"EntryPoint\",\"urlTemplate\":\"https:\/\/franciscanmissions.org\/?s={search_term_string}\"},\"query-input\":{\"@type\":\"PropertyValueSpecification\",\"valueRequired\":true,\"valueName\":\"search_term_string\"}}],\"inLanguage\":\"es\"},{\"@type\":\"Organization\",\"@id\":\"https:\/\/franciscanmissions.org\/#organization\",\"name\":\"Franciscan Missions\",\"url\":\"https:\/\/franciscanmissions.org\/\",\"logo\":{\"@type\":\"ImageObject\",\"inLanguage\":\"es\",\"@id\":\"https:\/\/franciscanmissions.org\/#\/schema\/logo\/image\/\",\"url\":\"https:\/\/franciscanmissions.org\/wp-content\/uploads\/2019\/01\/fm_logo@2x.png\",\"contentUrl\":\"https:\/\/franciscanmissions.org\/wp-content\/uploads\/2019\/01\/fm_logo@2x.png\",\"width\":304,\"height\":108,\"caption\":\"Franciscan Missions\"},\"image\":{\"@id\":\"https:\/\/franciscanmissions.org\/#\/schema\/logo\/image\/\"},\"sameAs\":[\"https:\/\/www.facebook.com\/franciscanmissions\/\"]},{\"@type\":\"Person\",\"@id\":\"https:\/\/franciscanmissions.org\/#\/schema\/person\/0897ec00af87a91a99ef9021be6f8044\",\"name\":\"Bruce Michalek\",\"image\":{\"@type\":\"ImageObject\",\"inLanguage\":\"es\",\"@id\":\"https:\/\/franciscanmissions.org\/#\/schema\/person\/image\/\",\"url\":\"https:\/\/secure.gravatar.com\/avatar\/ec88565f6ec6273c7f27285f744d6eebd38c9db47bea28e95083c9cd38948ede?s=96&d=mm&r=g\",\"contentUrl\":\"https:\/\/secure.gravatar.com\/avatar\/ec88565f6ec6273c7f27285f744d6eebd38c9db47bea28e95083c9cd38948ede?s=96&d=mm&r=g\",\"caption\":\"Bruce Michalek\"},\"description\":\"Br. Bruce Michalek, OFM, serves as the Development Director for the Province of Our Lady of Guadalupe in New Mexico. For the past nine years, Fr. Bruce has been ministering in Vietnam and traveling throughout the region teaching English to Franciscan students. Ordained in 1971, Br. Bruce was born and raised in Detroit, Michigan. He entered the Brothers Training School of the Franciscan Province of St. John the Baptist in 1965. After his solemn profession, he spent most of his early ministry in a variety of positions in New Mexico.\",\"sameAs\":[\"https:\/\/www.franciscanmissions.orgp\"],\"url\":\"https:\/\/franciscanmissions.org\/es\/author\/brother-bruce-michalek-ofm\/\"}]}<\/script>\n<!-- \/ Yoast SEO Premium plugin. -->","yoast_head_json":{"title":"El camino hacia la cruz comienza el Domingo de Ramos - Misiones Franciscanas","robots":{"index":"index","follow":"follow","max-snippet":"max-snippet:-1","max-image-preview":"max-image-preview:large","max-video-preview":"max-video-preview:-1"},"canonical":"https:\/\/franciscanmissions.org\/es\/journey-cross-begins-palm-sunday\/","og_locale":"es_MX","og_type":"article","og_title":"The Journey to the Cross Begins Palm Sunday","og_description":"When was the last time that your church was filled to capacity with\u00a0young people who were present voluntarily to sing, pray, and to celebrate\u00a0their Faith? [&hellip;]","og_url":"https:\/\/franciscanmissions.org\/es\/journey-cross-begins-palm-sunday\/","og_site_name":"Franciscan Missions","article_publisher":"https:\/\/www.facebook.com\/franciscanmissions\/","article_published_time":"2018-03-27T18:32:47+00:00","article_modified_time":"2025-03-12T14:06:13+00:00","og_image":[{"width":900,"height":1200,"url":"https:\/\/franciscanmissions.org\/wp-content\/uploads\/2018\/03\/Week-Eight-PALM-SUNDAY_10.jpg","type":"image\/jpeg"}],"author":"Bruce Michalek","twitter_card":"summary_large_image","twitter_misc":{"Escrito por":"Bruce Michalek","Tiempo de lectura":"2 minutos"},"schema":{"@context":"https:\/\/schema.org","@graph":[{"@type":"Article","@id":"https:\/\/franciscanmissions.org\/journey-cross-begins-palm-sunday\/#article","isPartOf":{"@id":"https:\/\/franciscanmissions.org\/journey-cross-begins-palm-sunday\/"},"author":{"name":"Bruce Michalek","@id":"https:\/\/franciscanmissions.org\/#\/schema\/person\/0897ec00af87a91a99ef9021be6f8044"},"headline":"The Journey to the Cross Begins Palm Sunday","datePublished":"2018-03-27T18:32:47+00:00","dateModified":"2025-03-12T14:06:13+00:00","mainEntityOfPage":{"@id":"https:\/\/franciscanmissions.org\/journey-cross-begins-palm-sunday\/"},"wordCount":393,"publisher":{"@id":"https:\/\/franciscanmissions.org\/#organization"},"image":{"@id":"https:\/\/franciscanmissions.org\/journey-cross-begins-palm-sunday\/#primaryimage"},"thumbnailUrl":"https:\/\/franciscanmissions.org\/wp-content\/uploads\/2018\/03\/Week-Eight-PALM-SUNDAY_10.jpg","articleSection":["Blog Posts"],"inLanguage":"es"},{"@type":"WebPage","@id":"https:\/\/franciscanmissions.org\/journey-cross-begins-palm-sunday\/","url":"https:\/\/franciscanmissions.org\/journey-cross-begins-palm-sunday\/","name":"El camino hacia la cruz comienza el Domingo de Ramos - Misiones Franciscanas","isPartOf":{"@id":"https:\/\/franciscanmissions.org\/#website"},"primaryImageOfPage":{"@id":"https:\/\/franciscanmissions.org\/journey-cross-begins-palm-sunday\/#primaryimage"},"image":{"@id":"https:\/\/franciscanmissions.org\/journey-cross-begins-palm-sunday\/#primaryimage"},"thumbnailUrl":"https:\/\/franciscanmissions.org\/wp-content\/uploads\/2018\/03\/Week-Eight-PALM-SUNDAY_10.jpg","datePublished":"2018-03-27T18:32:47+00:00","dateModified":"2025-03-12T14:06:13+00:00","breadcrumb":{"@id":"https:\/\/franciscanmissions.org\/journey-cross-begins-palm-sunday\/#breadcrumb"},"inLanguage":"es","potentialAction":[{"@type":"ReadAction","target":["https:\/\/franciscanmissions.org\/journey-cross-begins-palm-sunday\/"]}]},{"@type":"ImageObject","inLanguage":"es","@id":"https:\/\/franciscanmissions.org\/journey-cross-begins-palm-sunday\/#primaryimage","url":"https:\/\/franciscanmissions.org\/wp-content\/uploads\/2018\/03\/Week-Eight-PALM-SUNDAY_10.jpg","contentUrl":"https:\/\/franciscanmissions.org\/wp-content\/uploads\/2018\/03\/Week-Eight-PALM-SUNDAY_10.jpg","width":900,"height":1200},{"@type":"BreadcrumbList","@id":"https:\/\/franciscanmissions.org\/journey-cross-begins-palm-sunday\/#breadcrumb","itemListElement":[{"@type":"ListItem","position":1,"name":"Home","item":"https:\/\/franciscanmissions.org\/"},{"@type":"ListItem","position":2,"name":"The Journey to the Cross Begins Palm Sunday"}]},{"@type":"WebSite","@id":"https:\/\/franciscanmissions.org\/#website","url":"https:\/\/franciscanmissions.org\/","name":"las misiones franciscanas","description":"Juntos, entregamos esperanza","publisher":{"@id":"https:\/\/franciscanmissions.org\/#organization"},"potentialAction":[{"@type":"SearchAction","target":{"@type":"EntryPoint","urlTemplate":"https:\/\/franciscanmissions.org\/?s={search_term_string}"},"query-input":{"@type":"PropertyValueSpecification","valueRequired":true,"valueName":"search_term_string"}}],"inLanguage":"es"},{"@type":"Organization","@id":"https:\/\/franciscanmissions.org\/#organization","name":"las misiones franciscanas","url":"https:\/\/franciscanmissions.org\/","logo":{"@type":"ImageObject","inLanguage":"es","@id":"https:\/\/franciscanmissions.org\/#\/schema\/logo\/image\/","url":"https:\/\/franciscanmissions.org\/wp-content\/uploads\/2019\/01\/fm_logo@2x.png","contentUrl":"https:\/\/franciscanmissions.org\/wp-content\/uploads\/2019\/01\/fm_logo@2x.png","width":304,"height":108,"caption":"Franciscan Missions"},"image":{"@id":"https:\/\/franciscanmissions.org\/#\/schema\/logo\/image\/"},"sameAs":["https:\/\/www.facebook.com\/franciscanmissions\/"]},{"@type":"Person","@id":"https:\/\/franciscanmissions.org\/#\/schema\/person\/0897ec00af87a91a99ef9021be6f8044","name":"Bruce Michalek","image":{"@type":"ImageObject","inLanguage":"es","@id":"https:\/\/franciscanmissions.org\/#\/schema\/person\/image\/","url":"https:\/\/secure.gravatar.com\/avatar\/ec88565f6ec6273c7f27285f744d6eebd38c9db47bea28e95083c9cd38948ede?s=96&d=mm&r=g","contentUrl":"https:\/\/secure.gravatar.com\/avatar\/ec88565f6ec6273c7f27285f744d6eebd38c9db47bea28e95083c9cd38948ede?s=96&d=mm&r=g","caption":"Bruce Michalek"},"description":"El Hno. Bruce Michalek, OFM, es Director de Desarrollo de la Provincia de Nuestra Se\u00f1ora de Guadalupe en Nuevo M\u00e9xico. Durante los \u00faltimos nueve a\u00f1os, el Hno. Bruce ha ejercido su ministerio en Vietnam y ha viajado por la regi\u00f3n ense\u00f1ando ingl\u00e9s a estudiantes franciscanos. Ordenado en 1971, el Hno. Bruce naci\u00f3 y creci\u00f3 en Detroit, Michigan. Ingres\u00f3 en la Escuela de Formaci\u00f3n de Hermanos de la Provincia Franciscana de San Juan Bautista en 1965. Tras su profesi\u00f3n solemne, dedic\u00f3 la mayor parte de su ministerio inicial a diversos cargos en Nuevo M\u00e9xico.","sameAs":["https:\/\/www.franciscanmissions.orgp"],"url":"https:\/\/franciscanmissions.org\/es\/author\/brother-bruce-michalek-ofm\/"}]}},"_links":{"self":[{"href":"https:\/\/franciscanmissions.org\/es\/wp-json\/wp\/v2\/posts\/2350","targetHints":{"allow":["GET"]}}],"collection":[{"href":"https:\/\/franciscanmissions.org\/es\/wp-json\/wp\/v2\/posts"}],"about":[{"href":"https:\/\/franciscanmissions.org\/es\/wp-json\/wp\/v2\/types\/post"}],"author":[{"embeddable":true,"href":"https:\/\/franciscanmissions.org\/es\/wp-json\/wp\/v2\/users\/13"}],"replies":[{"embeddable":true,"href":"https:\/\/franciscanmissions.org\/es\/wp-json\/wp\/v2\/comments?post=2350"}],"version-history":[{"count":3,"href":"https:\/\/franciscanmissions.org\/es\/wp-json\/wp\/v2\/posts\/2350\/revisions"}],"predecessor-version":[{"id":2689,"href":"https:\/\/franciscanmissions.org\/es\/wp-json\/wp\/v2\/posts\/2350\/revisions\/2689"}],"wp:featuredmedia":[{"embeddable":true,"href":"https:\/\/franciscanmissions.org\/es\/wp-json\/wp\/v2\/media\/2351"}],"wp:attachment":[{"href":"https:\/\/franciscanmissions.org\/es\/wp-json\/wp\/v2\/media?parent=2350"}],"wp:term":[{"taxonomy":"category","embeddable":true,"href":"https:\/\/franciscanmissions.org\/es\/wp-json\/wp\/v2\/categories?post=2350"},{"taxonomy":"post_tag","embeddable":true,"href":"https:\/\/franciscanmissions.org\/es\/wp-json\/wp\/v2\/tags?post=2350"},{"taxonomy":"country","embeddable":true,"href":"https:\/\/franciscanmissions.org\/es\/wp-json\/wp\/v2\/country?post=2350"}],"curies":[{"name":"wp","href":"https:\/\/api.w.org\/{rel}","templated":true}]}}