{"id":2334,"date":"2018-03-19T12:38:05","date_gmt":"2018-03-19T16:38:05","guid":{"rendered":"https:\/\/franciscanmissions.org\/?p=2334"},"modified":"2025-03-12T10:05:57","modified_gmt":"2025-03-12T14:05:57","slug":"come-back-heart","status":"publish","type":"post","link":"https:\/\/franciscanmissions.org\/es\/come-back-heart\/","title":{"rendered":"Vuelve a mi con todo tu corazon"},"content":{"rendered":"<p>La semana pasada fue bastante tranquila y relajada porque nuestros santos novicios se fueron a experimentar una semana de retiro en el Centro pastoral diocesano de Da Lat. La Di\u00f3cesis mantiene un espacio amplio para retiros y conferencias, as\u00ed como su propio seminario. El sitio est\u00e1 situado en la cima de una colina que domina la ciudad en expansi\u00f3n de Da Lat. Nuestros veintid\u00f3s hombres j\u00f3venes abrazaron el retiro silencioso de una semana y regresaron a nuestra casa de noviciado con halos pulidos y un nuevo entusiasmo por su vocaci\u00f3n franciscana.<img decoding=\"async\" class=\"size-medium wp-image-2344 alignright\" src=\"https:\/\/franciscanmissions.org\/wp-content\/uploads\/2018\/03\/Week-Six-COME-BACK-TO-ME_05-225x300.jpg\" alt=\"\" width=\"225\" height=\"300\" srcset=\"https:\/\/franciscanmissions.org\/wp-content\/uploads\/2018\/03\/Week-Six-COME-BACK-TO-ME_05-120x160.jpg 120w, https:\/\/franciscanmissions.org\/wp-content\/uploads\/2018\/03\/Week-Six-COME-BACK-TO-ME_05-200x267.jpg 200w, https:\/\/franciscanmissions.org\/wp-content\/uploads\/2018\/03\/Week-Six-COME-BACK-TO-ME_05-225x300.jpg 225w, https:\/\/franciscanmissions.org\/wp-content\/uploads\/2018\/03\/Week-Six-COME-BACK-TO-ME_05-400x533.jpg 400w, https:\/\/franciscanmissions.org\/wp-content\/uploads\/2018\/03\/Week-Six-COME-BACK-TO-ME_05-500x667.jpg 500w, https:\/\/franciscanmissions.org\/wp-content\/uploads\/2018\/03\/Week-Six-COME-BACK-TO-ME_05-600x800.jpg 600w, https:\/\/franciscanmissions.org\/wp-content\/uploads\/2018\/03\/Week-Six-COME-BACK-TO-ME_05-768x1024.jpg 768w, https:\/\/franciscanmissions.org\/wp-content\/uploads\/2018\/03\/Week-Six-COME-BACK-TO-ME_05-800x1067.jpg 800w, https:\/\/franciscanmissions.org\/wp-content\/uploads\/2018\/03\/Week-Six-COME-BACK-TO-ME_05.jpg 900w\" sizes=\"(max-width: 225px) 100vw, 225px\" \/><\/p>\n<p>Mientras tanto, &quot;de vuelta en el rancho&quot;, fui conducido en una motocicleta cuesta abajo para inspeccionar una casa de retiro de la ermita reci\u00e9n construida. Cuando sal\u00ed de Vietnam en abril pasado, el proyecto estaba cobrando impulso a medida que se descargaba la primera carga de varillas de acero. En unos cinco meses se construy\u00f3 la ermita de La Verna. Su estilo y dise\u00f1o me recuerdan a un chalet suizo con un toque asi\u00e1tico. Para ser sincero, nunca imagin\u00e9 que el proyecto completado ser\u00eda tan hermoso. La calidad de la construcci\u00f3n y el dise\u00f1o son de primera clase. Deber\u00eda haber sabido que ser\u00eda as\u00ed porque los vietnamitas se enorgullecen de todo lo que hacen. El edificio tiene tres pisos y el desv\u00e1n es una peque\u00f1a capilla privada. Tambi\u00e9n tiene una cocina bien equipada, una peque\u00f1a sala de lectura, tres dormitorios y un ba\u00f1o. La estructura est\u00e1 completamente escondida del complejo de noviciado, ya que est\u00e1 enclavada en la ladera de una colina con vistas a los jardines de vegetales y flores. Los principiantes ya est\u00e1n utilizando la instalaci\u00f3n, ya que cada uno tiene la oportunidad de pasar una semana en soledad y oraci\u00f3n.<\/p>\n<p><img decoding=\"async\" class=\"size-medium wp-image-2346 alignleft\" src=\"https:\/\/franciscanmissions.org\/wp-content\/uploads\/2018\/03\/Week-Six-COME-BACK-TO-ME_03-300x225.jpg\" alt=\"\" width=\"300\" height=\"225\" srcset=\"https:\/\/franciscanmissions.org\/wp-content\/uploads\/2018\/03\/Week-Six-COME-BACK-TO-ME_03-120x90.jpg 120w, https:\/\/franciscanmissions.org\/wp-content\/uploads\/2018\/03\/Week-Six-COME-BACK-TO-ME_03-200x150.jpg 200w, https:\/\/franciscanmissions.org\/wp-content\/uploads\/2018\/03\/Week-Six-COME-BACK-TO-ME_03-300x225.jpg 300w, https:\/\/franciscanmissions.org\/wp-content\/uploads\/2018\/03\/Week-Six-COME-BACK-TO-ME_03-400x300.jpg 400w, https:\/\/franciscanmissions.org\/wp-content\/uploads\/2018\/03\/Week-Six-COME-BACK-TO-ME_03-500x375.jpg 500w, https:\/\/franciscanmissions.org\/wp-content\/uploads\/2018\/03\/Week-Six-COME-BACK-TO-ME_03-600x450.jpg 600w, https:\/\/franciscanmissions.org\/wp-content\/uploads\/2018\/03\/Week-Six-COME-BACK-TO-ME_03-768x576.jpg 768w, https:\/\/franciscanmissions.org\/wp-content\/uploads\/2018\/03\/Week-Six-COME-BACK-TO-ME_03-800x600.jpg 800w, https:\/\/franciscanmissions.org\/wp-content\/uploads\/2018\/03\/Week-Six-COME-BACK-TO-ME_03.jpg 900w\" sizes=\"(max-width: 300px) 100vw, 300px\" \/>La provincia de Vietnam tambi\u00e9n recibi\u00f3 recientemente una gran casa de m\u00faltiples habitaciones en el vecindario cat\u00f3lico adyacente a los terrenos del noviciado. Fue el hogar familiar de Pedro y Mar\u00eda Sinh Nguyen, que son los padres fallecidos de dos frailes franciscanos que son miembros de la Provincia. Se est\u00e1 utilizando como residencia para hombres j\u00f3venes que todav\u00eda asisten a la universidad pero desean seguir la vida franciscana mientras completan su trabajo de grado. Garantizo que la casa se llenar\u00e1 al m\u00e1ximo en los pr\u00f3ximos meses. Es lo suficientemente cerca del noviciado para que los residentes puedan participar en la misa diaria de las 5:30 a.m. antes de ir a la escuela. Todos est\u00e1n estudiando en la Universidad de Da Lat, que tiene una matr\u00edcula estudiantil de alrededor de veinte mil. Tres de los cuatro residentes actuales se especializan en ingl\u00e9s y el cuarto se especializa en coreano. He estado asesorando a estos j\u00f3venes en ingl\u00e9s conversacional semanalmente junto con nuestros veintid\u00f3s novicios. Su motivaci\u00f3n para aprender es extremadamente alta, pero sus habilidades ling\u00fc\u00edsticas siguen siendo &quot;un trabajo en progreso&quot;. El otro d\u00eda me sent\u00ed totalmente mal cuando uno de ellos me invit\u00f3 a &quot;recoger col&quot; en el vecindario. Inmediatamente respond\u00ed con &quot;\u00bfHUH?&quot;. El joven repiti\u00f3 su invitaci\u00f3n a &quot;recoger col&quot; y le ped\u00ed que me escribiera la palabra para asegurarme de que entend\u00eda. \u00c9l confiadamente le agrad\u00f3 al deletrear &quot;\u00a1BASURA!&quot; Como un proyecto de Cuaresma, los estudiantes decidieron ir por el vecindario y recoger &quot;basura&quot; de las calles. \u00a1Qu\u00e9date quieto mi coraz\u00f3n!<img decoding=\"async\" class=\"size-medium wp-image-2347 alignright\" src=\"https:\/\/franciscanmissions.org\/wp-content\/uploads\/2018\/03\/Week-Six-COME-BACK-TO-ME_02-226x300.jpg\" alt=\"\" width=\"226\" height=\"300\" srcset=\"https:\/\/franciscanmissions.org\/wp-content\/uploads\/2018\/03\/Week-Six-COME-BACK-TO-ME_02-120x160.jpg 120w, https:\/\/franciscanmissions.org\/wp-content\/uploads\/2018\/03\/Week-Six-COME-BACK-TO-ME_02-200x266.jpg 200w, https:\/\/franciscanmissions.org\/wp-content\/uploads\/2018\/03\/Week-Six-COME-BACK-TO-ME_02-226x300.jpg 226w, https:\/\/franciscanmissions.org\/wp-content\/uploads\/2018\/03\/Week-Six-COME-BACK-TO-ME_02-400x532.jpg 400w, https:\/\/franciscanmissions.org\/wp-content\/uploads\/2018\/03\/Week-Six-COME-BACK-TO-ME_02-500x665.jpg 500w, https:\/\/franciscanmissions.org\/wp-content\/uploads\/2018\/03\/Week-Six-COME-BACK-TO-ME_02-600x798.jpg 600w, https:\/\/franciscanmissions.org\/wp-content\/uploads\/2018\/03\/Week-Six-COME-BACK-TO-ME_02-768x1021.jpg 768w, https:\/\/franciscanmissions.org\/wp-content\/uploads\/2018\/03\/Week-Six-COME-BACK-TO-ME_02-770x1024.jpg 770w, https:\/\/franciscanmissions.org\/wp-content\/uploads\/2018\/03\/Week-Six-COME-BACK-TO-ME_02-800x1064.jpg 800w, https:\/\/franciscanmissions.org\/wp-content\/uploads\/2018\/03\/Week-Six-COME-BACK-TO-ME_02.jpg 900w\" sizes=\"(max-width: 226px) 100vw, 226px\" \/><\/p>\n<p>La Semana Santa y la Semana Santa vendr\u00e1n muy pronto y mi tiempo en Vietnam llegar\u00e1 a su fin. Cada a\u00f1o que vengo aqu\u00ed, me acostumbro cada vez m\u00e1s a la cultura y espiritualidad \u00fanica de Vietnam. Por mucho que estoy agradecido por la Iglesia &quot;nueva y mejorada&quot; en nuestra parte del mundo, a veces me siento nost\u00e1lgico por lo que dejamos atr\u00e1s. Gran parte de lo que experimento aqu\u00ed me recuerda c\u00f3mo era la vida cat\u00f3lica en los a\u00f1os 50 y 60 en los Estados Unidos. En ese entonces, la asistencia a la iglesia era alta y ador\u00e1bamos como familia. Las sodas y clubes de la iglesia estaban de moda tanto para mujeres como para hombres (\u00bfrecuerdan la Sociedad del Santo Nombre, el Gremio de Altar de Mujeres, el Grupo de Mujeres Santa Rita, etc.?) Y las devociones a los santos y la Eucarist\u00eda eran actividades comunes. Todav\u00eda puedo recordar la emoci\u00f3n en mi parroquia infantil cuando se anunci\u00f3 la fecha de Forty Hours Devotion. Es refrescante poder &quot;retroceder en el tiempo&quot; aunque solo sea por tres meses. Esto es &quot;alimento para el alma&quot; que apreciar\u00e9 durante los pr\u00f3ximos meses.<\/p>\n<p>\u00a1Paz y todo bien!<\/p>\n<p>Bruce<\/p>\n<p>&nbsp;<\/p>","protected":false},"excerpt":{"rendered":"<p>The past week was rather quiet and relaxed because our holy\u00a0novices went off to experience a week long Ignatian Retreat at the Da\u00a0Lat Diocesan Pastoral [&hellip;]<\/p>\n","protected":false},"author":13,"featured_media":2343,"comment_status":"closed","ping_status":"closed","sticky":false,"template":"","format":"standard","meta":{"_acf_changed":false,"footnotes":""},"categories":[1],"tags":[],"country":[166],"class_list":["post-2334","post","type-post","status-publish","format-standard","has-post-thumbnail","hentry","category-bposts","country-vietnam"],"acf":[],"yoast_head":"<!-- This site is optimized with the Yoast SEO Premium plugin v27.1 (Yoast SEO v27.1.1) - https:\/\/yoast.com\/product\/yoast-seo-premium-wordpress\/ -->\n<title>Come Back to Me With All Your Heart - Franciscan Missions<\/title>\n<meta name=\"robots\" content=\"index, follow, max-snippet:-1, max-image-preview:large, max-video-preview:-1\" \/>\n<link rel=\"canonical\" href=\"https:\/\/franciscanmissions.org\/es\/come-back-heart\/\" \/>\n<meta property=\"og:locale\" content=\"es_MX\" \/>\n<meta property=\"og:type\" content=\"article\" \/>\n<meta property=\"og:title\" content=\"Come Back to Me With All Your Heart\" \/>\n<meta property=\"og:description\" content=\"The past week was rather quiet and relaxed because our holy\u00a0novices went off to experience a week long Ignatian Retreat at the Da\u00a0Lat Diocesan Pastoral [&hellip;]\" \/>\n<meta property=\"og:url\" content=\"https:\/\/franciscanmissions.org\/es\/come-back-heart\/\" \/>\n<meta property=\"og:site_name\" content=\"Franciscan Missions\" \/>\n<meta property=\"article:publisher\" content=\"https:\/\/www.facebook.com\/franciscanmissions\/\" \/>\n<meta property=\"article:published_time\" content=\"2018-03-19T16:38:05+00:00\" \/>\n<meta property=\"article:modified_time\" content=\"2025-03-12T14:05:57+00:00\" \/>\n<meta property=\"og:image\" content=\"https:\/\/franciscanmissions.org\/wp-content\/uploads\/2018\/03\/Week-Six-COME-BACK-TO-ME_10.jpg\" \/>\n\t<meta property=\"og:image:width\" content=\"1188\" \/>\n\t<meta property=\"og:image:height\" content=\"1178\" \/>\n\t<meta property=\"og:image:type\" content=\"image\/jpeg\" \/>\n<meta name=\"author\" content=\"Bruce Michalek\" \/>\n<meta name=\"twitter:card\" content=\"summary_large_image\" \/>\n<meta name=\"twitter:label1\" content=\"Escrito por\" \/>\n\t<meta name=\"twitter:data1\" content=\"Bruce Michalek\" \/>\n\t<meta name=\"twitter:label2\" content=\"Tiempo de lectura\" \/>\n\t<meta name=\"twitter:data2\" content=\"4 minutos\" \/>\n<script type=\"application\/ld+json\" class=\"yoast-schema-graph\">{\"@context\":\"https:\/\/schema.org\",\"@graph\":[{\"@type\":\"Article\",\"@id\":\"https:\/\/franciscanmissions.org\/come-back-heart\/#article\",\"isPartOf\":{\"@id\":\"https:\/\/franciscanmissions.org\/come-back-heart\/\"},\"author\":{\"name\":\"Bruce Michalek\",\"@id\":\"https:\/\/franciscanmissions.org\/#\/schema\/person\/0897ec00af87a91a99ef9021be6f8044\"},\"headline\":\"Come Back to Me With All Your Heart\",\"datePublished\":\"2018-03-19T16:38:05+00:00\",\"dateModified\":\"2025-03-12T14:05:57+00:00\",\"mainEntityOfPage\":{\"@id\":\"https:\/\/franciscanmissions.org\/come-back-heart\/\"},\"wordCount\":751,\"publisher\":{\"@id\":\"https:\/\/franciscanmissions.org\/#organization\"},\"image\":{\"@id\":\"https:\/\/franciscanmissions.org\/come-back-heart\/#primaryimage\"},\"thumbnailUrl\":\"https:\/\/franciscanmissions.org\/wp-content\/uploads\/2018\/03\/Week-Six-COME-BACK-TO-ME_10.jpg\",\"articleSection\":[\"Blog Posts\"],\"inLanguage\":\"es\"},{\"@type\":\"WebPage\",\"@id\":\"https:\/\/franciscanmissions.org\/come-back-heart\/\",\"url\":\"https:\/\/franciscanmissions.org\/come-back-heart\/\",\"name\":\"Come Back to Me With All Your Heart - Franciscan Missions\",\"isPartOf\":{\"@id\":\"https:\/\/franciscanmissions.org\/#website\"},\"primaryImageOfPage\":{\"@id\":\"https:\/\/franciscanmissions.org\/come-back-heart\/#primaryimage\"},\"image\":{\"@id\":\"https:\/\/franciscanmissions.org\/come-back-heart\/#primaryimage\"},\"thumbnailUrl\":\"https:\/\/franciscanmissions.org\/wp-content\/uploads\/2018\/03\/Week-Six-COME-BACK-TO-ME_10.jpg\",\"datePublished\":\"2018-03-19T16:38:05+00:00\",\"dateModified\":\"2025-03-12T14:05:57+00:00\",\"breadcrumb\":{\"@id\":\"https:\/\/franciscanmissions.org\/come-back-heart\/#breadcrumb\"},\"inLanguage\":\"es\",\"potentialAction\":[{\"@type\":\"ReadAction\",\"target\":[\"https:\/\/franciscanmissions.org\/come-back-heart\/\"]}]},{\"@type\":\"ImageObject\",\"inLanguage\":\"es\",\"@id\":\"https:\/\/franciscanmissions.org\/come-back-heart\/#primaryimage\",\"url\":\"https:\/\/franciscanmissions.org\/wp-content\/uploads\/2018\/03\/Week-Six-COME-BACK-TO-ME_10.jpg\",\"contentUrl\":\"https:\/\/franciscanmissions.org\/wp-content\/uploads\/2018\/03\/Week-Six-COME-BACK-TO-ME_10.jpg\",\"width\":1188,\"height\":1178},{\"@type\":\"BreadcrumbList\",\"@id\":\"https:\/\/franciscanmissions.org\/come-back-heart\/#breadcrumb\",\"itemListElement\":[{\"@type\":\"ListItem\",\"position\":1,\"name\":\"Home\",\"item\":\"https:\/\/franciscanmissions.org\/\"},{\"@type\":\"ListItem\",\"position\":2,\"name\":\"Come Back to Me With All Your Heart\"}]},{\"@type\":\"WebSite\",\"@id\":\"https:\/\/franciscanmissions.org\/#website\",\"url\":\"https:\/\/franciscanmissions.org\/\",\"name\":\"Franciscan Missions\",\"description\":\"Together, we deliver hope\",\"publisher\":{\"@id\":\"https:\/\/franciscanmissions.org\/#organization\"},\"potentialAction\":[{\"@type\":\"SearchAction\",\"target\":{\"@type\":\"EntryPoint\",\"urlTemplate\":\"https:\/\/franciscanmissions.org\/?s={search_term_string}\"},\"query-input\":{\"@type\":\"PropertyValueSpecification\",\"valueRequired\":true,\"valueName\":\"search_term_string\"}}],\"inLanguage\":\"es\"},{\"@type\":\"Organization\",\"@id\":\"https:\/\/franciscanmissions.org\/#organization\",\"name\":\"Franciscan Missions\",\"url\":\"https:\/\/franciscanmissions.org\/\",\"logo\":{\"@type\":\"ImageObject\",\"inLanguage\":\"es\",\"@id\":\"https:\/\/franciscanmissions.org\/#\/schema\/logo\/image\/\",\"url\":\"https:\/\/franciscanmissions.org\/wp-content\/uploads\/2019\/01\/fm_logo@2x.png\",\"contentUrl\":\"https:\/\/franciscanmissions.org\/wp-content\/uploads\/2019\/01\/fm_logo@2x.png\",\"width\":304,\"height\":108,\"caption\":\"Franciscan Missions\"},\"image\":{\"@id\":\"https:\/\/franciscanmissions.org\/#\/schema\/logo\/image\/\"},\"sameAs\":[\"https:\/\/www.facebook.com\/franciscanmissions\/\"]},{\"@type\":\"Person\",\"@id\":\"https:\/\/franciscanmissions.org\/#\/schema\/person\/0897ec00af87a91a99ef9021be6f8044\",\"name\":\"Bruce Michalek\",\"image\":{\"@type\":\"ImageObject\",\"inLanguage\":\"es\",\"@id\":\"https:\/\/franciscanmissions.org\/#\/schema\/person\/image\/\",\"url\":\"https:\/\/secure.gravatar.com\/avatar\/ec88565f6ec6273c7f27285f744d6eebd38c9db47bea28e95083c9cd38948ede?s=96&d=mm&r=g\",\"contentUrl\":\"https:\/\/secure.gravatar.com\/avatar\/ec88565f6ec6273c7f27285f744d6eebd38c9db47bea28e95083c9cd38948ede?s=96&d=mm&r=g\",\"caption\":\"Bruce Michalek\"},\"description\":\"Br. Bruce Michalek, OFM, serves as the Development Director for the Province of Our Lady of Guadalupe in New Mexico. For the past nine years, Fr. Bruce has been ministering in Vietnam and traveling throughout the region teaching English to Franciscan students. Ordained in 1971, Br. Bruce was born and raised in Detroit, Michigan. He entered the Brothers Training School of the Franciscan Province of St. John the Baptist in 1965. After his solemn profession, he spent most of his early ministry in a variety of positions in New Mexico.\",\"sameAs\":[\"https:\/\/www.franciscanmissions.orgp\"],\"url\":\"https:\/\/franciscanmissions.org\/es\/author\/brother-bruce-michalek-ofm\/\"}]}<\/script>\n<!-- \/ Yoast SEO Premium plugin. -->","yoast_head_json":{"title":"Vuelve a m\u00ed con todo tu coraz\u00f3n - Misiones Franciscanas","robots":{"index":"index","follow":"follow","max-snippet":"max-snippet:-1","max-image-preview":"max-image-preview:large","max-video-preview":"max-video-preview:-1"},"canonical":"https:\/\/franciscanmissions.org\/es\/come-back-heart\/","og_locale":"es_MX","og_type":"article","og_title":"Come Back to Me With All Your Heart","og_description":"The past week was rather quiet and relaxed because our holy\u00a0novices went off to experience a week long Ignatian Retreat at the Da\u00a0Lat Diocesan Pastoral [&hellip;]","og_url":"https:\/\/franciscanmissions.org\/es\/come-back-heart\/","og_site_name":"Franciscan Missions","article_publisher":"https:\/\/www.facebook.com\/franciscanmissions\/","article_published_time":"2018-03-19T16:38:05+00:00","article_modified_time":"2025-03-12T14:05:57+00:00","og_image":[{"width":1188,"height":1178,"url":"https:\/\/franciscanmissions.org\/wp-content\/uploads\/2018\/03\/Week-Six-COME-BACK-TO-ME_10.jpg","type":"image\/jpeg"}],"author":"Bruce Michalek","twitter_card":"summary_large_image","twitter_misc":{"Escrito por":"Bruce Michalek","Tiempo de lectura":"4 minutos"},"schema":{"@context":"https:\/\/schema.org","@graph":[{"@type":"Article","@id":"https:\/\/franciscanmissions.org\/come-back-heart\/#article","isPartOf":{"@id":"https:\/\/franciscanmissions.org\/come-back-heart\/"},"author":{"name":"Bruce Michalek","@id":"https:\/\/franciscanmissions.org\/#\/schema\/person\/0897ec00af87a91a99ef9021be6f8044"},"headline":"Come Back to Me With All Your Heart","datePublished":"2018-03-19T16:38:05+00:00","dateModified":"2025-03-12T14:05:57+00:00","mainEntityOfPage":{"@id":"https:\/\/franciscanmissions.org\/come-back-heart\/"},"wordCount":751,"publisher":{"@id":"https:\/\/franciscanmissions.org\/#organization"},"image":{"@id":"https:\/\/franciscanmissions.org\/come-back-heart\/#primaryimage"},"thumbnailUrl":"https:\/\/franciscanmissions.org\/wp-content\/uploads\/2018\/03\/Week-Six-COME-BACK-TO-ME_10.jpg","articleSection":["Blog Posts"],"inLanguage":"es"},{"@type":"WebPage","@id":"https:\/\/franciscanmissions.org\/come-back-heart\/","url":"https:\/\/franciscanmissions.org\/come-back-heart\/","name":"Vuelve a m\u00ed con todo tu coraz\u00f3n - Misiones Franciscanas","isPartOf":{"@id":"https:\/\/franciscanmissions.org\/#website"},"primaryImageOfPage":{"@id":"https:\/\/franciscanmissions.org\/come-back-heart\/#primaryimage"},"image":{"@id":"https:\/\/franciscanmissions.org\/come-back-heart\/#primaryimage"},"thumbnailUrl":"https:\/\/franciscanmissions.org\/wp-content\/uploads\/2018\/03\/Week-Six-COME-BACK-TO-ME_10.jpg","datePublished":"2018-03-19T16:38:05+00:00","dateModified":"2025-03-12T14:05:57+00:00","breadcrumb":{"@id":"https:\/\/franciscanmissions.org\/come-back-heart\/#breadcrumb"},"inLanguage":"es","potentialAction":[{"@type":"ReadAction","target":["https:\/\/franciscanmissions.org\/come-back-heart\/"]}]},{"@type":"ImageObject","inLanguage":"es","@id":"https:\/\/franciscanmissions.org\/come-back-heart\/#primaryimage","url":"https:\/\/franciscanmissions.org\/wp-content\/uploads\/2018\/03\/Week-Six-COME-BACK-TO-ME_10.jpg","contentUrl":"https:\/\/franciscanmissions.org\/wp-content\/uploads\/2018\/03\/Week-Six-COME-BACK-TO-ME_10.jpg","width":1188,"height":1178},{"@type":"BreadcrumbList","@id":"https:\/\/franciscanmissions.org\/come-back-heart\/#breadcrumb","itemListElement":[{"@type":"ListItem","position":1,"name":"Home","item":"https:\/\/franciscanmissions.org\/"},{"@type":"ListItem","position":2,"name":"Come Back to Me With All Your Heart"}]},{"@type":"WebSite","@id":"https:\/\/franciscanmissions.org\/#website","url":"https:\/\/franciscanmissions.org\/","name":"las misiones franciscanas","description":"Juntos, entregamos esperanza","publisher":{"@id":"https:\/\/franciscanmissions.org\/#organization"},"potentialAction":[{"@type":"SearchAction","target":{"@type":"EntryPoint","urlTemplate":"https:\/\/franciscanmissions.org\/?s={search_term_string}"},"query-input":{"@type":"PropertyValueSpecification","valueRequired":true,"valueName":"search_term_string"}}],"inLanguage":"es"},{"@type":"Organization","@id":"https:\/\/franciscanmissions.org\/#organization","name":"las misiones franciscanas","url":"https:\/\/franciscanmissions.org\/","logo":{"@type":"ImageObject","inLanguage":"es","@id":"https:\/\/franciscanmissions.org\/#\/schema\/logo\/image\/","url":"https:\/\/franciscanmissions.org\/wp-content\/uploads\/2019\/01\/fm_logo@2x.png","contentUrl":"https:\/\/franciscanmissions.org\/wp-content\/uploads\/2019\/01\/fm_logo@2x.png","width":304,"height":108,"caption":"Franciscan Missions"},"image":{"@id":"https:\/\/franciscanmissions.org\/#\/schema\/logo\/image\/"},"sameAs":["https:\/\/www.facebook.com\/franciscanmissions\/"]},{"@type":"Person","@id":"https:\/\/franciscanmissions.org\/#\/schema\/person\/0897ec00af87a91a99ef9021be6f8044","name":"Bruce Michalek","image":{"@type":"ImageObject","inLanguage":"es","@id":"https:\/\/franciscanmissions.org\/#\/schema\/person\/image\/","url":"https:\/\/secure.gravatar.com\/avatar\/ec88565f6ec6273c7f27285f744d6eebd38c9db47bea28e95083c9cd38948ede?s=96&d=mm&r=g","contentUrl":"https:\/\/secure.gravatar.com\/avatar\/ec88565f6ec6273c7f27285f744d6eebd38c9db47bea28e95083c9cd38948ede?s=96&d=mm&r=g","caption":"Bruce Michalek"},"description":"El Hno. Bruce Michalek, OFM, es Director de Desarrollo de la Provincia de Nuestra Se\u00f1ora de Guadalupe en Nuevo M\u00e9xico. Durante los \u00faltimos nueve a\u00f1os, el Hno. Bruce ha ejercido su ministerio en Vietnam y ha viajado por la regi\u00f3n ense\u00f1ando ingl\u00e9s a estudiantes franciscanos. Ordenado en 1971, el Hno. Bruce naci\u00f3 y creci\u00f3 en Detroit, Michigan. Ingres\u00f3 en la Escuela de Formaci\u00f3n de Hermanos de la Provincia Franciscana de San Juan Bautista en 1965. Tras su profesi\u00f3n solemne, dedic\u00f3 la mayor parte de su ministerio inicial a diversos cargos en Nuevo M\u00e9xico.","sameAs":["https:\/\/www.franciscanmissions.orgp"],"url":"https:\/\/franciscanmissions.org\/es\/author\/brother-bruce-michalek-ofm\/"}]}},"_links":{"self":[{"href":"https:\/\/franciscanmissions.org\/es\/wp-json\/wp\/v2\/posts\/2334","targetHints":{"allow":["GET"]}}],"collection":[{"href":"https:\/\/franciscanmissions.org\/es\/wp-json\/wp\/v2\/posts"}],"about":[{"href":"https:\/\/franciscanmissions.org\/es\/wp-json\/wp\/v2\/types\/post"}],"author":[{"embeddable":true,"href":"https:\/\/franciscanmissions.org\/es\/wp-json\/wp\/v2\/users\/13"}],"replies":[{"embeddable":true,"href":"https:\/\/franciscanmissions.org\/es\/wp-json\/wp\/v2\/comments?post=2334"}],"version-history":[{"count":3,"href":"https:\/\/franciscanmissions.org\/es\/wp-json\/wp\/v2\/posts\/2334\/revisions"}],"predecessor-version":[{"id":2348,"href":"https:\/\/franciscanmissions.org\/es\/wp-json\/wp\/v2\/posts\/2334\/revisions\/2348"}],"wp:featuredmedia":[{"embeddable":true,"href":"https:\/\/franciscanmissions.org\/es\/wp-json\/wp\/v2\/media\/2343"}],"wp:attachment":[{"href":"https:\/\/franciscanmissions.org\/es\/wp-json\/wp\/v2\/media?parent=2334"}],"wp:term":[{"taxonomy":"category","embeddable":true,"href":"https:\/\/franciscanmissions.org\/es\/wp-json\/wp\/v2\/categories?post=2334"},{"taxonomy":"post_tag","embeddable":true,"href":"https:\/\/franciscanmissions.org\/es\/wp-json\/wp\/v2\/tags?post=2334"},{"taxonomy":"country","embeddable":true,"href":"https:\/\/franciscanmissions.org\/es\/wp-json\/wp\/v2\/country?post=2334"}],"curies":[{"name":"wp","href":"https:\/\/api.w.org\/{rel}","templated":true}]}}