{"id":2295,"date":"2018-02-23T15:48:45","date_gmt":"2018-02-23T20:48:45","guid":{"rendered":"https:\/\/franciscanmissions.org\/?p=2295"},"modified":"2025-03-12T10:05:38","modified_gmt":"2025-03-12T14:05:38","slug":"anticipation-growing-can-almost-taste","status":"publish","type":"post","link":"https:\/\/franciscanmissions.org\/es\/anticipation-growing-can-almost-taste\/","title":{"rendered":"La anticipaci\u00f3n est\u00e1 creciendo. . . Casi puedes saborearlo. . ."},"content":{"rendered":"<p>La anticipaci\u00f3n est\u00e1 creciendo, d\u00eda a d\u00eda, para la celebraci\u00f3n de la Fiesta de Tet. \u00a1El A\u00f1o Nuevo Lunar es una combinaci\u00f3n de Navidad, A\u00f1o Nuevo, Acci\u00f3n de Gracias, Cuatro de julio y el domingo del Super Bowl con esteroides! La celebraci\u00f3n de tres d\u00edas en realidad se fusiona en una celebraci\u00f3n de Familia, Buena Salud y Prosperidad de aproximadamente tres semanas. Este a\u00f1o es el &quot;A\u00f1o del perro&quot; y las im\u00e1genes de perros comienzan a aparecer en toda la ciudad.<\/p>\n<div class=\"fusion-fullwidth fullwidth-box fusion-builder-row-1 hundred-percent-fullwidth non-hundred-percent-height-scrolling\" style=\"background-color: #ffffff;background-position: center center;background-repeat: no-repeat;padding-top:20px;padding-right:0px;padding-bottom:20px;padding-left:0px;margin-bottom: 0px;margin-top: 0px;border-width: 0px 0px 0px 0px;border-color:#eae9e9;border-style:solid;\" ><div class=\"fusion-builder-row fusion-row\"><div class=\"fusion-layout-column fusion_builder_column fusion-builder-column-0 fusion_builder_column_1_1 1_1 fusion-one-full fusion-column-first fusion-column-last fusion-column-no-min-height\" style=\"margin-top:0px;margin-bottom:0px;\"><div class=\"fusion-column-wrapper fusion-flex-column-wrapper-legacy\" style=\"background-position:left top;background-repeat:no-repeat;-webkit-background-size:cover;-moz-background-size:cover;-o-background-size:cover;background-size:cover;padding: 0px 0px 0px 0px;\"><div id=\"attachment_2300\" style=\"width: 310px\" class=\"wp-caption alignleft\"><img decoding=\"async\" aria-describedby=\"caption-attachment-2300\" class=\"wp-image-2300 size-medium\" src=\"https:\/\/franciscanmissions.org\/wp-content\/uploads\/2018\/02\/ANTICIPATION-GROWING-03-300x225.jpg\" alt=\"\" width=\"300\" height=\"225\" srcset=\"https:\/\/franciscanmissions.org\/wp-content\/uploads\/2018\/02\/ANTICIPATION-GROWING-03-120x90.jpg 120w, https:\/\/franciscanmissions.org\/wp-content\/uploads\/2018\/02\/ANTICIPATION-GROWING-03-200x150.jpg 200w, https:\/\/franciscanmissions.org\/wp-content\/uploads\/2018\/02\/ANTICIPATION-GROWING-03-300x225.jpg 300w, https:\/\/franciscanmissions.org\/wp-content\/uploads\/2018\/02\/ANTICIPATION-GROWING-03-400x300.jpg 400w, https:\/\/franciscanmissions.org\/wp-content\/uploads\/2018\/02\/ANTICIPATION-GROWING-03-500x375.jpg 500w, https:\/\/franciscanmissions.org\/wp-content\/uploads\/2018\/02\/ANTICIPATION-GROWING-03-600x450.jpg 600w, https:\/\/franciscanmissions.org\/wp-content\/uploads\/2018\/02\/ANTICIPATION-GROWING-03-768x576.jpg 768w, https:\/\/franciscanmissions.org\/wp-content\/uploads\/2018\/02\/ANTICIPATION-GROWING-03-800x600.jpg 800w, https:\/\/franciscanmissions.org\/wp-content\/uploads\/2018\/02\/ANTICIPATION-GROWING-03.jpg 900w\" sizes=\"(max-width: 300px) 100vw, 300px\" \/><p id=\"caption-attachment-2300\" class=\"wp-caption-text\">Br. Bruce con sus alumnos<\/p><\/div>\n<p>Tuve la oportunidad de asistir a la primera de muchas celebraciones con los diez aspirantes que esperan ser futuros franciscanos o sacerdotes diocesanos. Viven en una casa que en realidad es propiedad de la familia de uno de los hermanos y asisten a la escuela en una de las universidades de DaLat. Estos j\u00f3venes tienen edades comprendidas entre los 19 y los 24 a\u00f1os y mantienen un horario diario de oraci\u00f3n religiosa, as\u00ed como un r\u00e9gimen mutuo de limpieza. La casa est\u00e1 impecable! Lo que es tan inspirador es que no tienen un supervisor adulto residente. La diferencia entre esta casa y una casa t\u00edpica de fraternidad, en los Estados Unidos, es como la noche y el d\u00eda. Los j\u00f3venes invitaron a sus orgullosos padres a la fiesta y uno pod\u00eda ver f\u00e1cilmente el orgullo en las caras de sus padres. El men\u00fa era multifac\u00e9tico con exquisiteces como la olla caliente de sopa de pato con fideos, ternera con jengibre y cerdo con br\u00f3coli. Todo se prepar\u00f3 al lado de la mesa y se complement\u00f3 con un mont\u00f3n de &quot;refresco l\u00edquido&quot; hecho en casa que sab\u00eda a un brandy suave. No hace falta decir que todos est\u00e1bamos suficientemente saciados.<\/p>\n<p>El comienzo de la semana incluy\u00f3 un servicio reverente al aire libre para la Fiesta de la Presentaci\u00f3n de Nuestro Se\u00f1or en el Templo. Se bendijeron las velas y se recitaron las oraciones mientras nos dirig\u00edamos solemnemente a la capilla. Hab\u00eda un verdadero sentido de lo Santo mientras or\u00e1bamos y cant\u00e1bamos. La liturgia es una parte muy importante de la vida del noviciado. Qu\u00e9 privilegiado soy de ser parte de ello. Casi me he reunido con los veintid\u00f3s novatos para su primera clase de ingl\u00e9s. Son tan entusiastas. Es un absoluto placer ense\u00f1arles porque est\u00e1n muy ansiosos por aprender. Tienen dificultades con la pronunciaci\u00f3n, especialmente con las palabras &quot;B&quot; y &quot;P&quot;, pero est\u00e1 bien. Realmente hacen un esfuerzo valiente y no puedo evitar decir &quot;muy bien&quot; cuando me repiten la palabra o la oraci\u00f3n. Solo estoy aqu\u00ed por tres meses y no espero hacer milagros con ellos. Sin embargo, espero que conserven algo de lo que estamos practicando.<\/p>\n<p><img decoding=\"async\" class=\"size-medium wp-image-2298 alignleft\" src=\"https:\/\/franciscanmissions.org\/wp-content\/uploads\/2018\/02\/ANTICIPATION-GROWING-07-300x169.jpg\" alt=\"\" width=\"300\" height=\"169\" srcset=\"https:\/\/franciscanmissions.org\/wp-content\/uploads\/2018\/02\/ANTICIPATION-GROWING-07-120x67.jpg 120w, https:\/\/franciscanmissions.org\/wp-content\/uploads\/2018\/02\/ANTICIPATION-GROWING-07-200x112.jpg 200w, https:\/\/franciscanmissions.org\/wp-content\/uploads\/2018\/02\/ANTICIPATION-GROWING-07-300x169.jpg 300w, https:\/\/franciscanmissions.org\/wp-content\/uploads\/2018\/02\/ANTICIPATION-GROWING-07-400x225.jpg 400w, https:\/\/franciscanmissions.org\/wp-content\/uploads\/2018\/02\/ANTICIPATION-GROWING-07-500x281.jpg 500w, https:\/\/franciscanmissions.org\/wp-content\/uploads\/2018\/02\/ANTICIPATION-GROWING-07-600x337.jpg 600w, https:\/\/franciscanmissions.org\/wp-content\/uploads\/2018\/02\/ANTICIPATION-GROWING-07-768x432.jpg 768w, https:\/\/franciscanmissions.org\/wp-content\/uploads\/2018\/02\/ANTICIPATION-GROWING-07-800x450.jpg 800w, https:\/\/franciscanmissions.org\/wp-content\/uploads\/2018\/02\/ANTICIPATION-GROWING-07-1024x576.jpg 1024w, https:\/\/franciscanmissions.org\/wp-content\/uploads\/2018\/02\/ANTICIPATION-GROWING-07.jpg 1165w\" sizes=\"(max-width: 300px) 100vw, 300px\" \/>Parte de mi sesi\u00f3n con ellos incluye conversaciones sobre su hogar y sus familias. La mayor\u00eda de los estudiantes provienen de familias de agricultores o pescadores simples y tenemos dos novicios que son de una de las 54 tribus \u00e9tnicas de Vietnam: la tribu Bana. Los frailes han tenido mucho \u00e9xito en atraer a j\u00f3venes de las tribus porque ellos son los que ministran a estas personas descuidadas. Espero poder compartir m\u00e1s sobre ellos en una futura carta ya que visitar\u00e9 algunas de las aldeas con nuestro Provincial cuando venga de visita la pr\u00f3xima semana. Fotos a las 11!<\/p>\n<p>Me estoy ajustando al calendario de noviciado sin demasiada dificultad. El levantamiento de las 4:30 AM no es demasiado duro para mi cuerpo porque me aseguro de estar en la cama a las 9:00 PM. La meditaci\u00f3n de la ma\u00f1ana comienza a las 5:00 AM y celebramos la Eucarist\u00eda y la Oraci\u00f3n de la Ma\u00f1ana a las 5:30 AM El desayuno es a las 5:30 AM Las 6:30 AM y los principiantes est\u00e1n listos para funcionar a las 7:30 AM para sus per\u00edodos de trabajo diarios. Verlos hacer sus tareas diarias es m\u00e1s divertido que ver un partido de f\u00fatbol en la televisi\u00f3n. Se mueven tan r\u00e1pido y elocuentemente. Cada movimiento parece tener un prop\u00f3sito y, ciertamente, no hay n\u00e1useas. La oraci\u00f3n del mediod\u00eda es a las 11:10 am y el almuerzo se sirve a las 11:30 am, seguido de una breve siesta y la Oficina de Lecturas a la 1:30 pm Los novicios tienen clases por la tarde de 2:00 p.m. a 4: 00 PM y luego disfrutan de una hora de recreaci\u00f3n. De 5:30 a 6:00 tienen Meditaci\u00f3n y a las 6:00 tenemos la Oraci\u00f3n de la Tarde seguida de la Comida de la Tarde. La oraci\u00f3n nocturna es a las 8:30 y el hermano est\u00e1 cortando troncos a las 9:00 pm Mis clases son a las 12:20, 2:00 y 4:00 pm Tambi\u00e9n logran colarse en la Adoraci\u00f3n Eucar\u00edstica, el Rosario y la pr\u00e1ctica del coro a lo largo del dias.<\/p>\n<p>Vivir con estos j\u00f3venes altamente motivados es espiritualmente edificante. Es como tomar el sol en los c\u00e1lidos rayos del sol. No quieres que termine. La Orden en Vietnam est\u00e1 en buenas manos.<\/p>\n<p>\u00a1Paz y todo bien!<\/p>\n<p>Bruce<div class=\"fusion-clearfix\"><\/div><\/div><\/div><\/div><style type=\"text\/css\">.fusion-fullwidth.fusion-builder-row-1 { overflow:visible; }<\/style><\/div>","protected":false},"excerpt":{"rendered":"<p>Anticipation is growing, day by day\u00a0for the celebration of the Tet Holiday. The Lunar New Year is a\u00a0combination of Christmas, New Year,\u00a0Thanksgiving, Fourth of July, [&hellip;]<\/p>\n","protected":false},"author":13,"featured_media":2296,"comment_status":"closed","ping_status":"closed","sticky":false,"template":"","format":"standard","meta":{"_acf_changed":false,"footnotes":""},"categories":[1],"tags":[],"country":[166],"class_list":["post-2295","post","type-post","status-publish","format-standard","has-post-thumbnail","hentry","category-bposts","country-vietnam"],"acf":[],"yoast_head":"<!-- This site is optimized with the Yoast SEO Premium plugin v27.1 (Yoast SEO v27.1.1) - https:\/\/yoast.com\/product\/yoast-seo-premium-wordpress\/ -->\n<title>The Anticipation is Growing . . . You can almost taste it . . . - Franciscan Missions<\/title>\n<meta name=\"robots\" content=\"index, follow, max-snippet:-1, max-image-preview:large, max-video-preview:-1\" \/>\n<link rel=\"canonical\" href=\"https:\/\/franciscanmissions.org\/es\/anticipation-growing-can-almost-taste\/\" \/>\n<meta property=\"og:locale\" content=\"es_MX\" \/>\n<meta property=\"og:type\" content=\"article\" \/>\n<meta property=\"og:title\" content=\"The Anticipation is Growing . . . You can almost taste it . . .\" \/>\n<meta property=\"og:description\" content=\"Anticipation is growing, day by day\u00a0for the celebration of the Tet Holiday. The Lunar New Year is a\u00a0combination of Christmas, New Year,\u00a0Thanksgiving, Fourth of July, [&hellip;]\" \/>\n<meta property=\"og:url\" content=\"https:\/\/franciscanmissions.org\/es\/anticipation-growing-can-almost-taste\/\" \/>\n<meta property=\"og:site_name\" content=\"Franciscan Missions\" \/>\n<meta property=\"article:publisher\" content=\"https:\/\/www.facebook.com\/franciscanmissions\/\" \/>\n<meta property=\"article:published_time\" content=\"2018-02-23T20:48:45+00:00\" \/>\n<meta property=\"article:modified_time\" content=\"2025-03-12T14:05:38+00:00\" \/>\n<meta property=\"og:image\" content=\"https:\/\/franciscanmissions.org\/wp-content\/uploads\/2018\/02\/ANTICIPATION-GROWING-05.jpg\" \/>\n\t<meta property=\"og:image:width\" content=\"900\" \/>\n\t<meta property=\"og:image:height\" content=\"1200\" \/>\n\t<meta property=\"og:image:type\" content=\"image\/jpeg\" \/>\n<meta name=\"author\" content=\"Bruce Michalek\" \/>\n<meta name=\"twitter:card\" content=\"summary_large_image\" \/>\n<meta name=\"twitter:label1\" content=\"Escrito por\" \/>\n\t<meta name=\"twitter:data1\" content=\"Bruce Michalek\" \/>\n\t<meta name=\"twitter:label2\" content=\"Tiempo de lectura\" \/>\n\t<meta name=\"twitter:data2\" content=\"4 minutos\" \/>\n<script type=\"application\/ld+json\" class=\"yoast-schema-graph\">{\"@context\":\"https:\/\/schema.org\",\"@graph\":[{\"@type\":\"Article\",\"@id\":\"https:\/\/franciscanmissions.org\/anticipation-growing-can-almost-taste\/#article\",\"isPartOf\":{\"@id\":\"https:\/\/franciscanmissions.org\/anticipation-growing-can-almost-taste\/\"},\"author\":{\"name\":\"Bruce Michalek\",\"@id\":\"https:\/\/franciscanmissions.org\/#\/schema\/person\/0897ec00af87a91a99ef9021be6f8044\"},\"headline\":\"The Anticipation is Growing . . . You can almost taste it . . .\",\"datePublished\":\"2018-02-23T20:48:45+00:00\",\"dateModified\":\"2025-03-12T14:05:38+00:00\",\"mainEntityOfPage\":{\"@id\":\"https:\/\/franciscanmissions.org\/anticipation-growing-can-almost-taste\/\"},\"wordCount\":866,\"publisher\":{\"@id\":\"https:\/\/franciscanmissions.org\/#organization\"},\"image\":{\"@id\":\"https:\/\/franciscanmissions.org\/anticipation-growing-can-almost-taste\/#primaryimage\"},\"thumbnailUrl\":\"https:\/\/franciscanmissions.org\/wp-content\/uploads\/2018\/02\/ANTICIPATION-GROWING-05.jpg\",\"articleSection\":[\"Blog Posts\"],\"inLanguage\":\"es\"},{\"@type\":\"WebPage\",\"@id\":\"https:\/\/franciscanmissions.org\/anticipation-growing-can-almost-taste\/\",\"url\":\"https:\/\/franciscanmissions.org\/anticipation-growing-can-almost-taste\/\",\"name\":\"The Anticipation is Growing . . . You can almost taste it . . . - Franciscan Missions\",\"isPartOf\":{\"@id\":\"https:\/\/franciscanmissions.org\/#website\"},\"primaryImageOfPage\":{\"@id\":\"https:\/\/franciscanmissions.org\/anticipation-growing-can-almost-taste\/#primaryimage\"},\"image\":{\"@id\":\"https:\/\/franciscanmissions.org\/anticipation-growing-can-almost-taste\/#primaryimage\"},\"thumbnailUrl\":\"https:\/\/franciscanmissions.org\/wp-content\/uploads\/2018\/02\/ANTICIPATION-GROWING-05.jpg\",\"datePublished\":\"2018-02-23T20:48:45+00:00\",\"dateModified\":\"2025-03-12T14:05:38+00:00\",\"breadcrumb\":{\"@id\":\"https:\/\/franciscanmissions.org\/anticipation-growing-can-almost-taste\/#breadcrumb\"},\"inLanguage\":\"es\",\"potentialAction\":[{\"@type\":\"ReadAction\",\"target\":[\"https:\/\/franciscanmissions.org\/anticipation-growing-can-almost-taste\/\"]}]},{\"@type\":\"ImageObject\",\"inLanguage\":\"es\",\"@id\":\"https:\/\/franciscanmissions.org\/anticipation-growing-can-almost-taste\/#primaryimage\",\"url\":\"https:\/\/franciscanmissions.org\/wp-content\/uploads\/2018\/02\/ANTICIPATION-GROWING-05.jpg\",\"contentUrl\":\"https:\/\/franciscanmissions.org\/wp-content\/uploads\/2018\/02\/ANTICIPATION-GROWING-05.jpg\",\"width\":900,\"height\":1200},{\"@type\":\"BreadcrumbList\",\"@id\":\"https:\/\/franciscanmissions.org\/anticipation-growing-can-almost-taste\/#breadcrumb\",\"itemListElement\":[{\"@type\":\"ListItem\",\"position\":1,\"name\":\"Home\",\"item\":\"https:\/\/franciscanmissions.org\/\"},{\"@type\":\"ListItem\",\"position\":2,\"name\":\"The Anticipation is Growing . . . You can almost taste it . . .\"}]},{\"@type\":\"WebSite\",\"@id\":\"https:\/\/franciscanmissions.org\/#website\",\"url\":\"https:\/\/franciscanmissions.org\/\",\"name\":\"Franciscan Missions\",\"description\":\"Together, we deliver hope\",\"publisher\":{\"@id\":\"https:\/\/franciscanmissions.org\/#organization\"},\"potentialAction\":[{\"@type\":\"SearchAction\",\"target\":{\"@type\":\"EntryPoint\",\"urlTemplate\":\"https:\/\/franciscanmissions.org\/?s={search_term_string}\"},\"query-input\":{\"@type\":\"PropertyValueSpecification\",\"valueRequired\":true,\"valueName\":\"search_term_string\"}}],\"inLanguage\":\"es\"},{\"@type\":\"Organization\",\"@id\":\"https:\/\/franciscanmissions.org\/#organization\",\"name\":\"Franciscan Missions\",\"url\":\"https:\/\/franciscanmissions.org\/\",\"logo\":{\"@type\":\"ImageObject\",\"inLanguage\":\"es\",\"@id\":\"https:\/\/franciscanmissions.org\/#\/schema\/logo\/image\/\",\"url\":\"https:\/\/franciscanmissions.org\/wp-content\/uploads\/2019\/01\/fm_logo@2x.png\",\"contentUrl\":\"https:\/\/franciscanmissions.org\/wp-content\/uploads\/2019\/01\/fm_logo@2x.png\",\"width\":304,\"height\":108,\"caption\":\"Franciscan Missions\"},\"image\":{\"@id\":\"https:\/\/franciscanmissions.org\/#\/schema\/logo\/image\/\"},\"sameAs\":[\"https:\/\/www.facebook.com\/franciscanmissions\/\"]},{\"@type\":\"Person\",\"@id\":\"https:\/\/franciscanmissions.org\/#\/schema\/person\/0897ec00af87a91a99ef9021be6f8044\",\"name\":\"Bruce Michalek\",\"image\":{\"@type\":\"ImageObject\",\"inLanguage\":\"es\",\"@id\":\"https:\/\/franciscanmissions.org\/#\/schema\/person\/image\/\",\"url\":\"https:\/\/secure.gravatar.com\/avatar\/ec88565f6ec6273c7f27285f744d6eebd38c9db47bea28e95083c9cd38948ede?s=96&d=mm&r=g\",\"contentUrl\":\"https:\/\/secure.gravatar.com\/avatar\/ec88565f6ec6273c7f27285f744d6eebd38c9db47bea28e95083c9cd38948ede?s=96&d=mm&r=g\",\"caption\":\"Bruce Michalek\"},\"description\":\"Br. Bruce Michalek, OFM, serves as the Development Director for the Province of Our Lady of Guadalupe in New Mexico. For the past nine years, Fr. Bruce has been ministering in Vietnam and traveling throughout the region teaching English to Franciscan students. Ordained in 1971, Br. Bruce was born and raised in Detroit, Michigan. He entered the Brothers Training School of the Franciscan Province of St. John the Baptist in 1965. After his solemn profession, he spent most of his early ministry in a variety of positions in New Mexico.\",\"sameAs\":[\"https:\/\/www.franciscanmissions.orgp\"],\"url\":\"https:\/\/franciscanmissions.org\/es\/author\/brother-bruce-michalek-ofm\/\"}]}<\/script>\n<!-- \/ Yoast SEO Premium plugin. -->","yoast_head_json":{"title":"La expectaci\u00f3n crece... Casi se puede palpar... - Misiones Franciscanas","robots":{"index":"index","follow":"follow","max-snippet":"max-snippet:-1","max-image-preview":"max-image-preview:large","max-video-preview":"max-video-preview:-1"},"canonical":"https:\/\/franciscanmissions.org\/es\/anticipation-growing-can-almost-taste\/","og_locale":"es_MX","og_type":"article","og_title":"The Anticipation is Growing . . . You can almost taste it . . .","og_description":"Anticipation is growing, day by day\u00a0for the celebration of the Tet Holiday. The Lunar New Year is a\u00a0combination of Christmas, New Year,\u00a0Thanksgiving, Fourth of July, [&hellip;]","og_url":"https:\/\/franciscanmissions.org\/es\/anticipation-growing-can-almost-taste\/","og_site_name":"Franciscan Missions","article_publisher":"https:\/\/www.facebook.com\/franciscanmissions\/","article_published_time":"2018-02-23T20:48:45+00:00","article_modified_time":"2025-03-12T14:05:38+00:00","og_image":[{"width":900,"height":1200,"url":"https:\/\/franciscanmissions.org\/wp-content\/uploads\/2018\/02\/ANTICIPATION-GROWING-05.jpg","type":"image\/jpeg"}],"author":"Bruce Michalek","twitter_card":"summary_large_image","twitter_misc":{"Escrito por":"Bruce Michalek","Tiempo de lectura":"4 minutos"},"schema":{"@context":"https:\/\/schema.org","@graph":[{"@type":"Article","@id":"https:\/\/franciscanmissions.org\/anticipation-growing-can-almost-taste\/#article","isPartOf":{"@id":"https:\/\/franciscanmissions.org\/anticipation-growing-can-almost-taste\/"},"author":{"name":"Bruce Michalek","@id":"https:\/\/franciscanmissions.org\/#\/schema\/person\/0897ec00af87a91a99ef9021be6f8044"},"headline":"The Anticipation is Growing . . . You can almost taste it . . .","datePublished":"2018-02-23T20:48:45+00:00","dateModified":"2025-03-12T14:05:38+00:00","mainEntityOfPage":{"@id":"https:\/\/franciscanmissions.org\/anticipation-growing-can-almost-taste\/"},"wordCount":866,"publisher":{"@id":"https:\/\/franciscanmissions.org\/#organization"},"image":{"@id":"https:\/\/franciscanmissions.org\/anticipation-growing-can-almost-taste\/#primaryimage"},"thumbnailUrl":"https:\/\/franciscanmissions.org\/wp-content\/uploads\/2018\/02\/ANTICIPATION-GROWING-05.jpg","articleSection":["Blog Posts"],"inLanguage":"es"},{"@type":"WebPage","@id":"https:\/\/franciscanmissions.org\/anticipation-growing-can-almost-taste\/","url":"https:\/\/franciscanmissions.org\/anticipation-growing-can-almost-taste\/","name":"La expectaci\u00f3n crece... Casi se puede palpar... - Misiones Franciscanas","isPartOf":{"@id":"https:\/\/franciscanmissions.org\/#website"},"primaryImageOfPage":{"@id":"https:\/\/franciscanmissions.org\/anticipation-growing-can-almost-taste\/#primaryimage"},"image":{"@id":"https:\/\/franciscanmissions.org\/anticipation-growing-can-almost-taste\/#primaryimage"},"thumbnailUrl":"https:\/\/franciscanmissions.org\/wp-content\/uploads\/2018\/02\/ANTICIPATION-GROWING-05.jpg","datePublished":"2018-02-23T20:48:45+00:00","dateModified":"2025-03-12T14:05:38+00:00","breadcrumb":{"@id":"https:\/\/franciscanmissions.org\/anticipation-growing-can-almost-taste\/#breadcrumb"},"inLanguage":"es","potentialAction":[{"@type":"ReadAction","target":["https:\/\/franciscanmissions.org\/anticipation-growing-can-almost-taste\/"]}]},{"@type":"ImageObject","inLanguage":"es","@id":"https:\/\/franciscanmissions.org\/anticipation-growing-can-almost-taste\/#primaryimage","url":"https:\/\/franciscanmissions.org\/wp-content\/uploads\/2018\/02\/ANTICIPATION-GROWING-05.jpg","contentUrl":"https:\/\/franciscanmissions.org\/wp-content\/uploads\/2018\/02\/ANTICIPATION-GROWING-05.jpg","width":900,"height":1200},{"@type":"BreadcrumbList","@id":"https:\/\/franciscanmissions.org\/anticipation-growing-can-almost-taste\/#breadcrumb","itemListElement":[{"@type":"ListItem","position":1,"name":"Home","item":"https:\/\/franciscanmissions.org\/"},{"@type":"ListItem","position":2,"name":"The Anticipation is Growing . . . You can almost taste it . . ."}]},{"@type":"WebSite","@id":"https:\/\/franciscanmissions.org\/#website","url":"https:\/\/franciscanmissions.org\/","name":"las misiones franciscanas","description":"Juntos, entregamos esperanza","publisher":{"@id":"https:\/\/franciscanmissions.org\/#organization"},"potentialAction":[{"@type":"SearchAction","target":{"@type":"EntryPoint","urlTemplate":"https:\/\/franciscanmissions.org\/?s={search_term_string}"},"query-input":{"@type":"PropertyValueSpecification","valueRequired":true,"valueName":"search_term_string"}}],"inLanguage":"es"},{"@type":"Organization","@id":"https:\/\/franciscanmissions.org\/#organization","name":"las misiones franciscanas","url":"https:\/\/franciscanmissions.org\/","logo":{"@type":"ImageObject","inLanguage":"es","@id":"https:\/\/franciscanmissions.org\/#\/schema\/logo\/image\/","url":"https:\/\/franciscanmissions.org\/wp-content\/uploads\/2019\/01\/fm_logo@2x.png","contentUrl":"https:\/\/franciscanmissions.org\/wp-content\/uploads\/2019\/01\/fm_logo@2x.png","width":304,"height":108,"caption":"Franciscan Missions"},"image":{"@id":"https:\/\/franciscanmissions.org\/#\/schema\/logo\/image\/"},"sameAs":["https:\/\/www.facebook.com\/franciscanmissions\/"]},{"@type":"Person","@id":"https:\/\/franciscanmissions.org\/#\/schema\/person\/0897ec00af87a91a99ef9021be6f8044","name":"Bruce Michalek","image":{"@type":"ImageObject","inLanguage":"es","@id":"https:\/\/franciscanmissions.org\/#\/schema\/person\/image\/","url":"https:\/\/secure.gravatar.com\/avatar\/ec88565f6ec6273c7f27285f744d6eebd38c9db47bea28e95083c9cd38948ede?s=96&d=mm&r=g","contentUrl":"https:\/\/secure.gravatar.com\/avatar\/ec88565f6ec6273c7f27285f744d6eebd38c9db47bea28e95083c9cd38948ede?s=96&d=mm&r=g","caption":"Bruce Michalek"},"description":"El Hno. Bruce Michalek, OFM, es Director de Desarrollo de la Provincia de Nuestra Se\u00f1ora de Guadalupe en Nuevo M\u00e9xico. Durante los \u00faltimos nueve a\u00f1os, el Hno. Bruce ha ejercido su ministerio en Vietnam y ha viajado por la regi\u00f3n ense\u00f1ando ingl\u00e9s a estudiantes franciscanos. Ordenado en 1971, el Hno. Bruce naci\u00f3 y creci\u00f3 en Detroit, Michigan. Ingres\u00f3 en la Escuela de Formaci\u00f3n de Hermanos de la Provincia Franciscana de San Juan Bautista en 1965. Tras su profesi\u00f3n solemne, dedic\u00f3 la mayor parte de su ministerio inicial a diversos cargos en Nuevo M\u00e9xico.","sameAs":["https:\/\/www.franciscanmissions.orgp"],"url":"https:\/\/franciscanmissions.org\/es\/author\/brother-bruce-michalek-ofm\/"}]}},"_links":{"self":[{"href":"https:\/\/franciscanmissions.org\/es\/wp-json\/wp\/v2\/posts\/2295","targetHints":{"allow":["GET"]}}],"collection":[{"href":"https:\/\/franciscanmissions.org\/es\/wp-json\/wp\/v2\/posts"}],"about":[{"href":"https:\/\/franciscanmissions.org\/es\/wp-json\/wp\/v2\/types\/post"}],"author":[{"embeddable":true,"href":"https:\/\/franciscanmissions.org\/es\/wp-json\/wp\/v2\/users\/13"}],"replies":[{"embeddable":true,"href":"https:\/\/franciscanmissions.org\/es\/wp-json\/wp\/v2\/comments?post=2295"}],"version-history":[{"count":6,"href":"https:\/\/franciscanmissions.org\/es\/wp-json\/wp\/v2\/posts\/2295\/revisions"}],"predecessor-version":[{"id":2957,"href":"https:\/\/franciscanmissions.org\/es\/wp-json\/wp\/v2\/posts\/2295\/revisions\/2957"}],"wp:featuredmedia":[{"embeddable":true,"href":"https:\/\/franciscanmissions.org\/es\/wp-json\/wp\/v2\/media\/2296"}],"wp:attachment":[{"href":"https:\/\/franciscanmissions.org\/es\/wp-json\/wp\/v2\/media?parent=2295"}],"wp:term":[{"taxonomy":"category","embeddable":true,"href":"https:\/\/franciscanmissions.org\/es\/wp-json\/wp\/v2\/categories?post=2295"},{"taxonomy":"post_tag","embeddable":true,"href":"https:\/\/franciscanmissions.org\/es\/wp-json\/wp\/v2\/tags?post=2295"},{"taxonomy":"country","embeddable":true,"href":"https:\/\/franciscanmissions.org\/es\/wp-json\/wp\/v2\/country?post=2295"}],"curies":[{"name":"wp","href":"https:\/\/api.w.org\/{rel}","templated":true}]}}